{"id":132830,"date":"2019-11-06T08:45:31","date_gmt":"2019-11-06T11:45:31","guid":{"rendered":"http:\/\/www.caririemacao.com\/1\/?p=132830"},"modified":"2019-11-06T08:45:31","modified_gmt":"2019-11-06T11:45:31","slug":"lideres-mundiais-terao-encontro-com-bolsonaro-este-mes","status":"publish","type":"post","link":"https:\/\/www.caririemacao.com\/1\/2019\/11\/06\/lideres-mundiais-terao-encontro-com-bolsonaro-este-mes\/","title":{"rendered":"L\u00edderes mundiais ter\u00e3o encontro com Bolsonaro este m\u00eas"},"content":{"rendered":"\n<p>Para debater temas pol\u00edticos e econ\u00f4micos, o presidente Jair Bolsonaro receber\u00e1 o presidente da China, Xi Jinping, na manh\u00e3 de&nbsp;13 de novembro,&nbsp;quarta-feira. \u00c0 tarde, no mesmo dia, no Pal\u00e1cio do Planalto, ele receber\u00e1&nbsp; os presidentes da R\u00fassia, Vladimir Putin, e da \u00c1frica do Sul, Cyril Ramaphosa, e o primeiro ministro da \u00edndia, Narendra Modi.<\/p>\n\n\n\n<p>Os quatro l\u00edderes pol\u00edticos chegar\u00e3o ao Brasil no dia 12 para participar da 11\u00aa C\u00fapula do Brics, grupo de pa\u00edses integrado pelo Brasil, a R\u00fassia, \u00cdndia, China e \u00c1frica do Sul. No dia 13, os l\u00edderes visitantes participar\u00e3o do encerramento do F\u00f3rum Empresarial do Brics, que reunir\u00e1 500 empres\u00e1rios, e \u00e0 noite ser\u00e3o homenageados com jantar no Pal\u00e1cio do Itamaraty, em Bras\u00edlia.<\/p>\n\n\n\n<p><strong>C\u00fapula<\/strong><\/p>\n\n\n\n<p>A maior parte da programa\u00e7\u00e3o do Brics ocorrer\u00e1 na&nbsp;quinta-feira, dia 14. Haver\u00e1 um encontro dos l\u00edderes do Brasil, da China, \u00cdndia, \u00c1frica do Sul e R\u00fassia com os empres\u00e1rios que comp\u00f5em o conselho da organiza\u00e7\u00e3o e tamb\u00e9m com a diretoria do Novo Banco de Desenvolvimento, a institui\u00e7\u00e3o financeira fundada pelo Brics. \u00c0s 13h, haver\u00e1 o almo\u00e7o de encerramento da c\u00fapula no Pal\u00e1cio do Itamaraty.<\/p>\n\n\n\n<p>O grande tema a ser discutido na C\u00fapula do Brics ser\u00e1 a coopera\u00e7\u00e3o a ser feita entre o Brasil, China, \u00cdndia, \u00c1frica do Sul e R\u00fassia na \u00e1rea de ci\u00eancia, tecnologia e inova\u00e7\u00e3o. &#8220;A agenda \u00e9 densa e substantiva&#8221;, disse o secret\u00e1rio de Com\u00e9rcio Exterior e Assuntos Econ\u00f4micos do Itamaraty, embaixador Norberto Moretti.<\/p>\n\n\n\n<p>O tema, segundo o diplomata, constar\u00e1 da Declara\u00e7\u00e3o dos L\u00edderes, que ser\u00e1 divulgada no encerramento do&nbsp;evento no dia 14, documento que abrir\u00e1 aos pa\u00edses oportunidades de coopera\u00e7\u00e3o para o desenvolvimento de parques tecnol\u00f3gicos e incubadoras e a forma\u00e7\u00e3o de pesquisadores.<\/p>\n\n\n\n<p>Tamb\u00e9m constar\u00e3o da declara\u00e7\u00e3o a coopera\u00e7\u00e3o dos cinco pa\u00edses no combate \u00e0 corrup\u00e7\u00e3o e ao terrorismo, interc\u00e2mbio de boas pr\u00e1ticas e desenvolvimento de medicamentos contra a tuberculose. Haver\u00e1 ainda um item dedicado ao aleitamento humano, como preven\u00e7\u00e3o de enfermidades.<\/p>\n\n\n\n<p>O Conselho Empresarial do Brics (Cebrics) foi criado em 2013 na 5\u00aa C\u00fapula do bloco em Durban, na \u00c1frica do Sul. Constitu\u00eddo para fortalecer e promover os la\u00e7os econ\u00f4micos, comerciais, de neg\u00f3cios e investimentos entre as comunidades empresariais dos pa\u00edses que comp\u00f5em o grupo, o conselho tem tamb\u00e9m a miss\u00e3o de assegurar o di\u00e1logo regular entre os setores empresariais e os governos, al\u00e9m de identificar os problemas e gargalos no \u00e2mbito de com\u00e9rcio e investimentos nas suas rela\u00e7\u00f5es.<\/p>\n\n\n\n<p>Composto por 25 membros e assessorado por nove grupos de trabalho que atuam em uma inst\u00e2ncia de consulta, o conselho tem como miss\u00e3o assegurar que as principais prioridades do setor privado sejam efetivamente comunicadas aos l\u00edderes do governo no Brics durante a c\u00fapula.<\/p>\n","protected":false},"excerpt":{"rendered":"<p>Para debater temas pol\u00edticos e econ\u00f4micos, o presidente Jair Bolsonaro receber\u00e1 o presidente da China, Xi Jinping, na manh\u00e3 de&nbsp;13 de novembro,&nbsp;quarta-feira. \u00c0 tarde, no&hellip; <\/p>\n","protected":false},"author":1,"featured_media":132832,"comment_status":"closed","ping_status":"closed","sticky":false,"template":"","format":"standard","meta":{"sfsi_plus_gutenberg_text_before_share":"","sfsi_plus_gutenberg_show_text_before_share":"","sfsi_plus_gutenberg_icon_type":"","sfsi_plus_gutenberg_icon_alignemt":"","sfsi_plus_gutenburg_max_per_row":"","footnotes":""},"categories":[11],"tags":[],"class_list":["post-132830","post","type-post","status-publish","format-standard","has-post-thumbnail","hentry","category-politica"],"_links":{"self":[{"href":"https:\/\/www.caririemacao.com\/1\/wp-json\/wp\/v2\/posts\/132830","targetHints":{"allow":["GET"]}}],"collection":[{"href":"https:\/\/www.caririemacao.com\/1\/wp-json\/wp\/v2\/posts"}],"about":[{"href":"https:\/\/www.caririemacao.com\/1\/wp-json\/wp\/v2\/types\/post"}],"author":[{"embeddable":true,"href":"https:\/\/www.caririemacao.com\/1\/wp-json\/wp\/v2\/users\/1"}],"replies":[{"embeddable":true,"href":"https:\/\/www.caririemacao.com\/1\/wp-json\/wp\/v2\/comments?post=132830"}],"version-history":[{"count":1,"href":"https:\/\/www.caririemacao.com\/1\/wp-json\/wp\/v2\/posts\/132830\/revisions"}],"predecessor-version":[{"id":132833,"href":"https:\/\/www.caririemacao.com\/1\/wp-json\/wp\/v2\/posts\/132830\/revisions\/132833"}],"wp:featuredmedia":[{"embeddable":true,"href":"https:\/\/www.caririemacao.com\/1\/wp-json\/wp\/v2\/media\/132832"}],"wp:attachment":[{"href":"https:\/\/www.caririemacao.com\/1\/wp-json\/wp\/v2\/media?parent=132830"}],"wp:term":[{"taxonomy":"category","embeddable":true,"href":"https:\/\/www.caririemacao.com\/1\/wp-json\/wp\/v2\/categories?post=132830"},{"taxonomy":"post_tag","embeddable":true,"href":"https:\/\/www.caririemacao.com\/1\/wp-json\/wp\/v2\/tags?post=132830"}],"curies":[{"name":"wp","href":"https:\/\/api.w.org\/{rel}","templated":true}]}}