{"id":132838,"date":"2019-11-06T08:47:36","date_gmt":"2019-11-06T11:47:36","guid":{"rendered":"http:\/\/www.caririemacao.com\/1\/?p=132838"},"modified":"2019-11-06T08:47:36","modified_gmt":"2019-11-06T11:47:36","slug":"previsao-do-tempo-para-esta-quarta-feira-em-toda-paraiba-21","status":"publish","type":"post","link":"https:\/\/www.caririemacao.com\/1\/2019\/11\/06\/previsao-do-tempo-para-esta-quarta-feira-em-toda-paraiba-21\/","title":{"rendered":"Previs\u00e3o do tempo para esta quarta-feira em toda Para\u00edba"},"content":{"rendered":"\n<p>No transcorrer do dia o tempo dever\u00e1 permanecer com nebulosidade reduzida sobre grande parte do Estado e com possibilidade de chuva r\u00e1pida no Litoral. Nas demais regi\u00f5es, c\u00e9u parcialmente nublado a claro.<\/p>\n\n\n\n<div class=\"wp-block-image\"><figure class=\"aligncenter\"><img decoding=\"async\" data-src=\"https:\/\/paraibaonline.com.br\/wp-content\/uploads\/2019\/11\/tempo0611.jpg\" alt=\"\" class=\"wp-image-817391 lazyload\" src=\"data:image\/svg+xml;base64,PHN2ZyB3aWR0aD0iMSIgaGVpZ2h0PSIxIiB4bWxucz0iaHR0cDovL3d3dy53My5vcmcvMjAwMC9zdmciPjwvc3ZnPg==\" \/><\/figure><\/div>\n\n\n\n<p>*Fonte: Aesa<\/p>\n","protected":false},"excerpt":{"rendered":"<p>No transcorrer do dia o tempo dever\u00e1 permanecer com nebulosidade reduzida sobre grande parte do Estado e com possibilidade de chuva r\u00e1pida no Litoral. Nas&hellip; <\/p>\n","protected":false},"author":1,"featured_media":62056,"comment_status":"closed","ping_status":"closed","sticky":false,"template":"","format":"standard","meta":{"sfsi_plus_gutenberg_text_before_share":"","sfsi_plus_gutenberg_show_text_before_share":"","sfsi_plus_gutenberg_icon_type":"","sfsi_plus_gutenberg_icon_alignemt":"","sfsi_plus_gutenburg_max_per_row":"","footnotes":""},"categories":[6],"tags":[],"class_list":["post-132838","post","type-post","status-publish","format-standard","has-post-thumbnail","hentry","category-cidades"],"_links":{"self":[{"href":"https:\/\/www.caririemacao.com\/1\/wp-json\/wp\/v2\/posts\/132838","targetHints":{"allow":["GET"]}}],"collection":[{"href":"https:\/\/www.caririemacao.com\/1\/wp-json\/wp\/v2\/posts"}],"about":[{"href":"https:\/\/www.caririemacao.com\/1\/wp-json\/wp\/v2\/types\/post"}],"author":[{"embeddable":true,"href":"https:\/\/www.caririemacao.com\/1\/wp-json\/wp\/v2\/users\/1"}],"replies":[{"embeddable":true,"href":"https:\/\/www.caririemacao.com\/1\/wp-json\/wp\/v2\/comments?post=132838"}],"version-history":[{"count":1,"href":"https:\/\/www.caririemacao.com\/1\/wp-json\/wp\/v2\/posts\/132838\/revisions"}],"predecessor-version":[{"id":132840,"href":"https:\/\/www.caririemacao.com\/1\/wp-json\/wp\/v2\/posts\/132838\/revisions\/132840"}],"wp:featuredmedia":[{"embeddable":true,"href":"https:\/\/www.caririemacao.com\/1\/wp-json\/wp\/v2\/media\/62056"}],"wp:attachment":[{"href":"https:\/\/www.caririemacao.com\/1\/wp-json\/wp\/v2\/media?parent=132838"}],"wp:term":[{"taxonomy":"category","embeddable":true,"href":"https:\/\/www.caririemacao.com\/1\/wp-json\/wp\/v2\/categories?post=132838"},{"taxonomy":"post_tag","embeddable":true,"href":"https:\/\/www.caririemacao.com\/1\/wp-json\/wp\/v2\/tags?post=132838"}],"curies":[{"name":"wp","href":"https:\/\/api.w.org\/{rel}","templated":true}]}}