{"id":132847,"date":"2019-11-06T08:50:35","date_gmt":"2019-11-06T11:50:35","guid":{"rendered":"http:\/\/www.caririemacao.com\/1\/?p=132847"},"modified":"2019-11-06T08:50:35","modified_gmt":"2019-11-06T11:50:35","slug":"homem-e-morto-na-frente-de-casa-com-tiro-na-cabeca-em-cidade-da-paraiba","status":"publish","type":"post","link":"https:\/\/www.caririemacao.com\/1\/2019\/11\/06\/homem-e-morto-na-frente-de-casa-com-tiro-na-cabeca-em-cidade-da-paraiba\/","title":{"rendered":"Homem \u00e9 morto na frente de casa com tiro na cabe\u00e7a, em cidade da Para\u00edba"},"content":{"rendered":"\n<p>Um homem de 21 anos foi assassinado com um tiro na cabe\u00e7a, no fim da tarde desta ter\u00e7a-feira (5), em Santa Rita, na Grande Jo\u00e3o Pessoa. Tallison da Silva estava na frente de casa. Segundo informa\u00e7\u00f5es da Pol\u00edcia Militar, a v\u00edtima morreu ainda no local.<\/p>\n\n\n\n<p>Ainda de acordo com a PM, testemunhas relataram que o crime aconteceu quando dois homens em um carro de cor prata, atiraram na v\u00edtima de dentro do carro.<\/p>\n\n\n\n<p>A motiva\u00e7\u00e3o do crime ainda \u00e9 desconhecida. O caso est\u00e1 sendo investigado pela Pol\u00edcia Civil. At\u00e9 as 7h20 desta quarta-feira (6) nenhum suspeito havia sido localizado.<\/p>\n\n\n\n<p><em>Com G1 PB<\/em><\/p>\n","protected":false},"excerpt":{"rendered":"<p>Um homem de 21 anos foi assassinado com um tiro na cabe\u00e7a, no fim da tarde desta ter\u00e7a-feira (5), em Santa Rita, na Grande Jo\u00e3o&hellip; <\/p>\n","protected":false},"author":1,"featured_media":105260,"comment_status":"closed","ping_status":"closed","sticky":false,"template":"","format":"standard","meta":{"sfsi_plus_gutenberg_text_before_share":"","sfsi_plus_gutenberg_show_text_before_share":"","sfsi_plus_gutenberg_icon_type":"","sfsi_plus_gutenberg_icon_alignemt":"","sfsi_plus_gutenburg_max_per_row":"","footnotes":""},"categories":[12],"tags":[],"class_list":["post-132847","post","type-post","status-publish","format-standard","has-post-thumbnail","hentry","category-policia"],"_links":{"self":[{"href":"https:\/\/www.caririemacao.com\/1\/wp-json\/wp\/v2\/posts\/132847","targetHints":{"allow":["GET"]}}],"collection":[{"href":"https:\/\/www.caririemacao.com\/1\/wp-json\/wp\/v2\/posts"}],"about":[{"href":"https:\/\/www.caririemacao.com\/1\/wp-json\/wp\/v2\/types\/post"}],"author":[{"embeddable":true,"href":"https:\/\/www.caririemacao.com\/1\/wp-json\/wp\/v2\/users\/1"}],"replies":[{"embeddable":true,"href":"https:\/\/www.caririemacao.com\/1\/wp-json\/wp\/v2\/comments?post=132847"}],"version-history":[{"count":1,"href":"https:\/\/www.caririemacao.com\/1\/wp-json\/wp\/v2\/posts\/132847\/revisions"}],"predecessor-version":[{"id":132849,"href":"https:\/\/www.caririemacao.com\/1\/wp-json\/wp\/v2\/posts\/132847\/revisions\/132849"}],"wp:featuredmedia":[{"embeddable":true,"href":"https:\/\/www.caririemacao.com\/1\/wp-json\/wp\/v2\/media\/105260"}],"wp:attachment":[{"href":"https:\/\/www.caririemacao.com\/1\/wp-json\/wp\/v2\/media?parent=132847"}],"wp:term":[{"taxonomy":"category","embeddable":true,"href":"https:\/\/www.caririemacao.com\/1\/wp-json\/wp\/v2\/categories?post=132847"},{"taxonomy":"post_tag","embeddable":true,"href":"https:\/\/www.caririemacao.com\/1\/wp-json\/wp\/v2\/tags?post=132847"}],"curies":[{"name":"wp","href":"https:\/\/api.w.org\/{rel}","templated":true}]}}