{"id":132869,"date":"2019-11-06T08:58:38","date_gmt":"2019-11-06T11:58:38","guid":{"rendered":"http:\/\/www.caririemacao.com\/1\/?p=132869"},"modified":"2019-11-06T08:58:38","modified_gmt":"2019-11-06T11:58:38","slug":"sucuri-de-5-metros-que-engoliu-capivara-e-flagrada-por-turistas-as-margens-do-rio-parana-em-ms","status":"publish","type":"post","link":"https:\/\/www.caririemacao.com\/1\/2019\/11\/06\/sucuri-de-5-metros-que-engoliu-capivara-e-flagrada-por-turistas-as-margens-do-rio-parana-em-ms\/","title":{"rendered":"Sucuri de 5 metros que engoliu capivara \u00e9 flagrada por turistas \u00e0s margens do rio Paran\u00e1 em MS"},"content":{"rendered":"\n<p>Uma sucuri de 5 metros de comprimento foi flagrada por um grupo de turistas ap\u00f3s engolir uma capivara \u00e0s margens do Rio Paran\u00e1, em Aparecida do Taboado, a 456 km de Campo Grande. De acordo com a Pol\u00edcia Militar Ambiental (PMA), o registro foi feito na \u00faltima quinta-feira (30), perto de uma \u00e1rea que \u00e9 frequentada por pescadores.<\/p>\n\n\n\n<p>Conforme o subtenente Braguini, da PMA, a sucuri estava pr\u00f3xima da ponte rodoferrovi\u00e1ria e usava alguns galhos para descansar durante o processo de digest\u00e3o. &#8220;Como ela usa a musculatura e a contra\u00e7\u00e3o para se locomover, ela est\u00e1 com dificuldades por conta do tamanho da presa que engoliu&#8221;, explicou ao G1.<\/p>\n\n\n\n<p>Pelas imagens gravadas por turistas, o animal tenta submergir, mas, por conta do tamanho da capivara que engoliu, fica na superf\u00edcie do rio. Em outro trecho da grava\u00e7\u00e3o, a sucuri se acomoda em alguns galhos de \u00e1rvores para descansar depois de algumas tentativas de ir para o fundo do rio.<br>Braguini ainda informou que, nesses casos, n\u00e3o \u00e9 proibido fotografar ou filmar, mas orientou manter dist\u00e2ncia do animal. \u201cPode filmar, fazer fotos, mas deixa o animal em paz. N\u00e3o jogue pedras, n\u00e3o fique importunando. Ele precisa dessa tranquilidade para digerir o alimento\u201d, afirma.<\/p>\n\n\n\n<p>Em casos de maus-tratos, o respons\u00e1vel pode ser autuado, com multa inicial de R$ 1 mil que pode ser alterada de acordo com o dano causado ao animal, al\u00e9m de pena de deten\u00e7\u00e3o.<\/p>\n","protected":false},"excerpt":{"rendered":"<p>Uma sucuri de 5 metros de comprimento foi flagrada por um grupo de turistas ap\u00f3s engolir uma capivara \u00e0s margens do Rio Paran\u00e1, em Aparecida&hellip; <\/p>\n","protected":false},"author":1,"featured_media":132871,"comment_status":"closed","ping_status":"closed","sticky":false,"template":"","format":"standard","meta":{"sfsi_plus_gutenberg_text_before_share":"","sfsi_plus_gutenberg_show_text_before_share":"","sfsi_plus_gutenberg_icon_type":"","sfsi_plus_gutenberg_icon_alignemt":"","sfsi_plus_gutenburg_max_per_row":"","footnotes":""},"categories":[2],"tags":[],"class_list":["post-132869","post","type-post","status-publish","format-standard","has-post-thumbnail","hentry","category-geral"],"_links":{"self":[{"href":"https:\/\/www.caririemacao.com\/1\/wp-json\/wp\/v2\/posts\/132869","targetHints":{"allow":["GET"]}}],"collection":[{"href":"https:\/\/www.caririemacao.com\/1\/wp-json\/wp\/v2\/posts"}],"about":[{"href":"https:\/\/www.caririemacao.com\/1\/wp-json\/wp\/v2\/types\/post"}],"author":[{"embeddable":true,"href":"https:\/\/www.caririemacao.com\/1\/wp-json\/wp\/v2\/users\/1"}],"replies":[{"embeddable":true,"href":"https:\/\/www.caririemacao.com\/1\/wp-json\/wp\/v2\/comments?post=132869"}],"version-history":[{"count":1,"href":"https:\/\/www.caririemacao.com\/1\/wp-json\/wp\/v2\/posts\/132869\/revisions"}],"predecessor-version":[{"id":132872,"href":"https:\/\/www.caririemacao.com\/1\/wp-json\/wp\/v2\/posts\/132869\/revisions\/132872"}],"wp:featuredmedia":[{"embeddable":true,"href":"https:\/\/www.caririemacao.com\/1\/wp-json\/wp\/v2\/media\/132871"}],"wp:attachment":[{"href":"https:\/\/www.caririemacao.com\/1\/wp-json\/wp\/v2\/media?parent=132869"}],"wp:term":[{"taxonomy":"category","embeddable":true,"href":"https:\/\/www.caririemacao.com\/1\/wp-json\/wp\/v2\/categories?post=132869"},{"taxonomy":"post_tag","embeddable":true,"href":"https:\/\/www.caririemacao.com\/1\/wp-json\/wp\/v2\/tags?post=132869"}],"curies":[{"name":"wp","href":"https:\/\/api.w.org\/{rel}","templated":true}]}}