{"id":132890,"date":"2019-11-06T09:02:58","date_gmt":"2019-11-06T12:02:58","guid":{"rendered":"http:\/\/www.caririemacao.com\/1\/?p=132890"},"modified":"2019-11-06T09:02:58","modified_gmt":"2019-11-06T12:02:58","slug":"decimo-terceiro-deve-injetar-r-214-bi-na-economia-do-pais-diz-dieese","status":"publish","type":"post","link":"https:\/\/www.caririemacao.com\/1\/2019\/11\/06\/decimo-terceiro-deve-injetar-r-214-bi-na-economia-do-pais-diz-dieese\/","title":{"rendered":"D\u00e9cimo terceiro deve injetar R$ 214 bi na economia do pa\u00eds, diz Dieese"},"content":{"rendered":"\n<p>O pagamento do d\u00e9cimo terceiro sal\u00e1rio dever\u00e1 injetar na economia brasileira, at\u00e9 dezembro, R$ 214,6 bilh\u00f5es, de acordo com estimativa divulgada hoje (5) pelo Departamento Intersindical de Estat\u00edstica e Estudos Socioecon\u00f4micos (Dieese).&nbsp; Aproximadamente 81 milh\u00f5es de brasileiros ser\u00e3o beneficiados com rendimento adicional, em m\u00e9dia, de R$ 2.451.<\/p>\n\n\n\n<p>T\u00eam direito a receber o sal\u00e1rio extra os trabalhadores do mercado formal, inclusive empregados dom\u00e9sticos, os benefici\u00e1rios da Previd\u00eancia Social e os aposentados e benefici\u00e1rios de pens\u00e3o da Uni\u00e3o e dos estados e munic\u00edpios. Em sua estimativa, o Dieese n\u00e3o leva em conta os trabalhadores aut\u00f4nomos, assalariados sem carteira ou quem recebe algum tipo de abono de fim de ano.<\/p>\n\n\n\n<p>Do total estimado de R$ 214 bilh\u00f5es, cerca de R$ 147 bilh\u00f5es (68% do total), v\u00e3o ser destinados aos empregados formalizados, incluindo os trabalhadores dom\u00e9sticos. Aposentados e pensionistas v\u00e3o receber R$ 67,7 bilh\u00f5es (32%).&nbsp;<\/p>\n\n\n\n<p>Entre os 81 milh\u00f5es de brasileiros que devem receber o d\u00e9cimo terceiro sal\u00e1rio, 49 milh\u00f5es (61% do total) s\u00e3o trabalhadores no mercado formal. Os demais (39%) s\u00e3o aposentados ou pensionistas da Previd\u00eancia, aposentados e benefici\u00e1rios de pens\u00e3o da Uni\u00e3o (Regime Pr\u00f3prio), de estados e munic\u00edpios.&nbsp;Segundo os dados do Dieese, o volume de pessoas do mercado formal que receber\u00e3o o d\u00e9cimo terceiro sal\u00e1rio este ano aumentou em torno de 1% na compara\u00e7\u00e3o com os n\u00fameros de 2018.&nbsp;<\/p>\n\n\n\n<p>DinhO maior valor m\u00e9dio para o d\u00e9cimo terceiro sal\u00e1rio dever\u00e1 ser pago no Distrito Federal (R$ 4.558) e os menores, no Maranh\u00e3o e no Piau\u00ed (R$ 1.651 e R$ 1.647, respectivamente). De acordo com o Dieese, as m\u00e9dias n\u00e3o incluem o pessoal aposentado pelo Regime Pr\u00f3prio dos estados e dos munic\u00edpios.<\/p>\n","protected":false},"excerpt":{"rendered":"<p>O pagamento do d\u00e9cimo terceiro sal\u00e1rio dever\u00e1 injetar na economia brasileira, at\u00e9 dezembro, R$ 214,6 bilh\u00f5es, de acordo com estimativa divulgada hoje (5) pelo Departamento&hellip; <\/p>\n","protected":false},"author":1,"featured_media":88603,"comment_status":"closed","ping_status":"closed","sticky":false,"template":"","format":"standard","meta":{"sfsi_plus_gutenberg_text_before_share":"","sfsi_plus_gutenberg_show_text_before_share":"","sfsi_plus_gutenberg_icon_type":"","sfsi_plus_gutenberg_icon_alignemt":"","sfsi_plus_gutenburg_max_per_row":"","footnotes":""},"categories":[2],"tags":[],"class_list":["post-132890","post","type-post","status-publish","format-standard","has-post-thumbnail","hentry","category-geral"],"_links":{"self":[{"href":"https:\/\/www.caririemacao.com\/1\/wp-json\/wp\/v2\/posts\/132890","targetHints":{"allow":["GET"]}}],"collection":[{"href":"https:\/\/www.caririemacao.com\/1\/wp-json\/wp\/v2\/posts"}],"about":[{"href":"https:\/\/www.caririemacao.com\/1\/wp-json\/wp\/v2\/types\/post"}],"author":[{"embeddable":true,"href":"https:\/\/www.caririemacao.com\/1\/wp-json\/wp\/v2\/users\/1"}],"replies":[{"embeddable":true,"href":"https:\/\/www.caririemacao.com\/1\/wp-json\/wp\/v2\/comments?post=132890"}],"version-history":[{"count":1,"href":"https:\/\/www.caririemacao.com\/1\/wp-json\/wp\/v2\/posts\/132890\/revisions"}],"predecessor-version":[{"id":132892,"href":"https:\/\/www.caririemacao.com\/1\/wp-json\/wp\/v2\/posts\/132890\/revisions\/132892"}],"wp:featuredmedia":[{"embeddable":true,"href":"https:\/\/www.caririemacao.com\/1\/wp-json\/wp\/v2\/media\/88603"}],"wp:attachment":[{"href":"https:\/\/www.caririemacao.com\/1\/wp-json\/wp\/v2\/media?parent=132890"}],"wp:term":[{"taxonomy":"category","embeddable":true,"href":"https:\/\/www.caririemacao.com\/1\/wp-json\/wp\/v2\/categories?post=132890"},{"taxonomy":"post_tag","embeddable":true,"href":"https:\/\/www.caririemacao.com\/1\/wp-json\/wp\/v2\/tags?post=132890"}],"curies":[{"name":"wp","href":"https:\/\/api.w.org\/{rel}","templated":true}]}}