{"id":132896,"date":"2019-11-06T09:59:35","date_gmt":"2019-11-06T12:59:35","guid":{"rendered":"http:\/\/www.caririemacao.com\/1\/?p=132896"},"modified":"2019-11-06T09:59:35","modified_gmt":"2019-11-06T12:59:35","slug":"governo-do-estado-convoca-mais-de-450-candidatos-aprovados-para-curso-de-formacao-de-soldados","status":"publish","type":"post","link":"https:\/\/www.caririemacao.com\/1\/2019\/11\/06\/governo-do-estado-convoca-mais-de-450-candidatos-aprovados-para-curso-de-formacao-de-soldados\/","title":{"rendered":"Governo do Estado convoca mais de 450 candidatos aprovados para curso de forma\u00e7\u00e3o de soldados"},"content":{"rendered":"\n<p>Mais de 450 candidatos aptos ao concurso para o Curso de Forma\u00e7\u00e3o de Soldados da Pol\u00edcia Militar est\u00e3o convocados para a realiza\u00e7\u00e3o da pr\u00e9-matr\u00edcula, que come\u00e7a a partir do pr\u00f3ximo dia 18 de novembro. A portaria formalizando a convoca\u00e7\u00e3o dos candidatos aprovados foi publicada na edi\u00e7\u00e3o desta quarta-feira (06) do Di\u00e1rio Oficial do Estado.<\/p>\n\n\n\n<p><a href=\"https:\/\/auniao.pb.gov.br\/servicos\/arquivo-digital\/doe\/2019\/novembro\/diario-oficial-06-11-2019.pdf\">Confira a edi\u00e7\u00e3o de hoje do Di\u00e1rio Oficial<\/a><\/p>\n\n\n\n<p>Agora, os candidatos da Pol\u00edcia Militar devem ficar atentos aos prazos para apresenta\u00e7\u00e3o dos documentos solicitados em edital. A pr\u00e9-matr\u00edcula ocorre nos dias 18, 19 e 20 deste m\u00eas, no Centro de Educa\u00e7\u00e3o da PMPB em Jo\u00e3o Pessoa, seguindo o cronograma abaixo:<\/p>\n\n\n\n<ul class=\"wp-block-list\"><li>&nbsp;Candidatos do Comando de Policiamento Regional Metropolitano (CPRM \u2013 sede em Jo\u00e3o Pessoa): dia 18;<\/li><li>&nbsp;Candidatos do Comando de Policiamento Regional I (CPRI \u2013 sede em Campina Grande): dia 19;<\/li><li>&nbsp;&nbsp;Candidatos do Comando de Policiamento Regional II (CPRII \u2013 sede em Patos): dia 20.<\/li><\/ul>\n\n\n\n<p>A lista com a classifica\u00e7\u00e3o dos candidatos da 2\u00ba turma estar\u00e1 dispon\u00edvel no site da PM:&nbsp;<a href=\"http:\/\/www.pm.pb.gov.br\/\">www.pm.pb.gov.br<\/a>&nbsp;, no campo espec\u00edfico de CONCURSOS, e no DOE.<\/p>\n\n\n\n<p>Forma\u00e7\u00e3o \u2013 O concurso para o Curso de Forma\u00e7\u00e3o de Soldados recebeu quase 80 mil inscritos. A primeira turma deve estar formada no pr\u00f3ximo m\u00eas de dezembro. O CFSd tem uma grade curricular com aproximadamente 40 disciplinas, e carga hor\u00e1ria m\u00ednima de 1.600 horas-aulas. As aulas acontecer\u00e3o no Centro de Forma\u00e7\u00e3o e Aperfei\u00e7oamento de Pra\u00e7as (CFAP), no CE, e nos N\u00facleos de Forma\u00e7\u00e3o distribu\u00eddos pelo estado, nas cidades de Campina Grande, Guarabira, Sum\u00e9, Patos, Cajazeiras e Sousa.<\/p>\n","protected":false},"excerpt":{"rendered":"<p>Mais de 450 candidatos aptos ao concurso para o Curso de Forma\u00e7\u00e3o de Soldados da Pol\u00edcia Militar est\u00e3o convocados para a realiza\u00e7\u00e3o da pr\u00e9-matr\u00edcula, que&hellip; <\/p>\n","protected":false},"author":1,"featured_media":132901,"comment_status":"closed","ping_status":"closed","sticky":false,"template":"","format":"standard","meta":{"sfsi_plus_gutenberg_text_before_share":"","sfsi_plus_gutenberg_show_text_before_share":"","sfsi_plus_gutenberg_icon_type":"","sfsi_plus_gutenberg_icon_alignemt":"","sfsi_plus_gutenburg_max_per_row":"","footnotes":""},"categories":[2],"tags":[],"class_list":["post-132896","post","type-post","status-publish","format-standard","has-post-thumbnail","hentry","category-geral"],"_links":{"self":[{"href":"https:\/\/www.caririemacao.com\/1\/wp-json\/wp\/v2\/posts\/132896","targetHints":{"allow":["GET"]}}],"collection":[{"href":"https:\/\/www.caririemacao.com\/1\/wp-json\/wp\/v2\/posts"}],"about":[{"href":"https:\/\/www.caririemacao.com\/1\/wp-json\/wp\/v2\/types\/post"}],"author":[{"embeddable":true,"href":"https:\/\/www.caririemacao.com\/1\/wp-json\/wp\/v2\/users\/1"}],"replies":[{"embeddable":true,"href":"https:\/\/www.caririemacao.com\/1\/wp-json\/wp\/v2\/comments?post=132896"}],"version-history":[{"count":1,"href":"https:\/\/www.caririemacao.com\/1\/wp-json\/wp\/v2\/posts\/132896\/revisions"}],"predecessor-version":[{"id":132902,"href":"https:\/\/www.caririemacao.com\/1\/wp-json\/wp\/v2\/posts\/132896\/revisions\/132902"}],"wp:featuredmedia":[{"embeddable":true,"href":"https:\/\/www.caririemacao.com\/1\/wp-json\/wp\/v2\/media\/132901"}],"wp:attachment":[{"href":"https:\/\/www.caririemacao.com\/1\/wp-json\/wp\/v2\/media?parent=132896"}],"wp:term":[{"taxonomy":"category","embeddable":true,"href":"https:\/\/www.caririemacao.com\/1\/wp-json\/wp\/v2\/categories?post=132896"},{"taxonomy":"post_tag","embeddable":true,"href":"https:\/\/www.caririemacao.com\/1\/wp-json\/wp\/v2\/tags?post=132896"}],"curies":[{"name":"wp","href":"https:\/\/api.w.org\/{rel}","templated":true}]}}