{"id":132923,"date":"2019-11-06T10:04:22","date_gmt":"2019-11-06T13:04:22","guid":{"rendered":"http:\/\/www.caririemacao.com\/1\/?p=132923"},"modified":"2019-11-06T10:04:22","modified_gmt":"2019-11-06T13:04:22","slug":"clima-11-mil-cientistas-alertam-para-sofrimento-incalculavel","status":"publish","type":"post","link":"https:\/\/www.caririemacao.com\/1\/2019\/11\/06\/clima-11-mil-cientistas-alertam-para-sofrimento-incalculavel\/","title":{"rendered":"Clima: 11 mil cientistas alertam para &#8220;sofrimento incalcul\u00e1vel&#8221;"},"content":{"rendered":"\n<p>Para marcar os 40 anos da primeira confer\u00eancia mundial sobre o clima, realizada em Genebra em 1979, mais de 11 mil cientistas de 153 pa\u00edses alertaram para o &#8220;sofrimento incalcul\u00e1vel&#8221; que as altera\u00e7\u00f5es clim\u00e1ticas ir\u00e3o provocar, a menos que haja grandes transforma\u00e7\u00f5es na sociedade.<\/p>\n\n\n\n<p>\u201cDeclaramos clara e inequivocamente que o planeta enfrenta uma emerg\u00eancia clim\u00e1tica\u201d, dizem os cientistas na revista BioScience, em artigo publicado nessa ter\u00e7a-feira (5). \u201cPara garantir um futuro sustent\u00e1vel, precisamos mudar a forma como vivemos\u201d.<\/p>\n\n\n\n<p>\u201cIsso implica grandes transforma\u00e7\u00f5es no modo como a sociedade global funciona e interage com os ecossistemas naturais\u201d, acrescentam os cientistas, alertando ainda que n\u00e3o h\u00e1 tempo a perder.<\/p>\n\n\n\n<p>\u201cA crise clim\u00e1tica j\u00e1 chegou e avan\u00e7a mais r\u00e1pido do que a maioria dos cientistas esperava. \u00c9 mais grave do que se pensava e amea\u00e7a ecossistemas naturais e o destino da humanidade\u201d.<\/p>\n\n\n\n<p>As medidas sugeridas pelos especialistas passam por deter o crescimento populacional \u2013 atualmente h\u00e1 mais 200 mil pessoas no mundo a cada dia -, reduzir a utiliza\u00e7\u00e3o de combust\u00edveis f\u00f3sseis por meio da aplica\u00e7\u00e3o de taxas e substituindo-a por energias renov\u00e1veis, impedir a destrui\u00e7\u00e3o de florestas e diminuir o consumo de carne.<\/p>\n\n\n\n<h2 class=\"wp-block-heading\">\u00c1reas da terra inabit\u00e1veis<\/h2>\n\n\n\n<p>Outra pr\u00e1tica que traz \u201csinais profundamente perturbadores\u201d em termos de clima \u00e9 a atividade a\u00e9rea, com o n\u00famero de passageiros aumentando significativamente. \u201cA crise clim\u00e1tica est\u00e1 ligada ao excessivo consumo de um estilo de vida rico\u201d, defendem os especialistas.<br><br>\u201cEssas rea\u00e7\u00f5es clim\u00e1ticas em cadeia podem causar perturba\u00e7\u00f5es significativas nos ecossistemas, na sociedade e nas economias, tornando vastas \u00e1reas da terra inabit\u00e1veis\u201d, advertem.<br><br>\u201cA boa not\u00edcia \u00e9 que uma mudan\u00e7a, com justi\u00e7a social e econ\u00f4mica para todos, levar\u00e1 a um bem-estar muito superior \u00e0quele que sentimos atualmente\u201d.<br><br>Os mais de 11 mil cientistas de 153 nacionalidades colaboraram para a elabora\u00e7\u00e3o dessa mensagem. O professor William Ripple, principal autor do comunicado, diz ter sentido a necessidade de passar a mensagem para que sejam entendidas todas as causas e efeitos dessa crise, e n\u00e3o apenas os problemas mais abordados como as emiss\u00f5es de carbono e o aumento da temperatura global.<\/p>\n","protected":false},"excerpt":{"rendered":"<p>Para marcar os 40 anos da primeira confer\u00eancia mundial sobre o clima, realizada em Genebra em 1979, mais de 11 mil cientistas de 153 pa\u00edses&hellip; <\/p>\n","protected":false},"author":1,"featured_media":132925,"comment_status":"closed","ping_status":"closed","sticky":false,"template":"","format":"standard","meta":{"sfsi_plus_gutenberg_text_before_share":"","sfsi_plus_gutenberg_show_text_before_share":"","sfsi_plus_gutenberg_icon_type":"","sfsi_plus_gutenberg_icon_alignemt":"","sfsi_plus_gutenburg_max_per_row":"","footnotes":""},"categories":[2],"tags":[],"class_list":["post-132923","post","type-post","status-publish","format-standard","has-post-thumbnail","hentry","category-geral"],"_links":{"self":[{"href":"https:\/\/www.caririemacao.com\/1\/wp-json\/wp\/v2\/posts\/132923","targetHints":{"allow":["GET"]}}],"collection":[{"href":"https:\/\/www.caririemacao.com\/1\/wp-json\/wp\/v2\/posts"}],"about":[{"href":"https:\/\/www.caririemacao.com\/1\/wp-json\/wp\/v2\/types\/post"}],"author":[{"embeddable":true,"href":"https:\/\/www.caririemacao.com\/1\/wp-json\/wp\/v2\/users\/1"}],"replies":[{"embeddable":true,"href":"https:\/\/www.caririemacao.com\/1\/wp-json\/wp\/v2\/comments?post=132923"}],"version-history":[{"count":1,"href":"https:\/\/www.caririemacao.com\/1\/wp-json\/wp\/v2\/posts\/132923\/revisions"}],"predecessor-version":[{"id":132926,"href":"https:\/\/www.caririemacao.com\/1\/wp-json\/wp\/v2\/posts\/132923\/revisions\/132926"}],"wp:featuredmedia":[{"embeddable":true,"href":"https:\/\/www.caririemacao.com\/1\/wp-json\/wp\/v2\/media\/132925"}],"wp:attachment":[{"href":"https:\/\/www.caririemacao.com\/1\/wp-json\/wp\/v2\/media?parent=132923"}],"wp:term":[{"taxonomy":"category","embeddable":true,"href":"https:\/\/www.caririemacao.com\/1\/wp-json\/wp\/v2\/categories?post=132923"},{"taxonomy":"post_tag","embeddable":true,"href":"https:\/\/www.caririemacao.com\/1\/wp-json\/wp\/v2\/tags?post=132923"}],"curies":[{"name":"wp","href":"https:\/\/api.w.org\/{rel}","templated":true}]}}