{"id":132941,"date":"2019-11-06T10:18:13","date_gmt":"2019-11-06T13:18:13","guid":{"rendered":"http:\/\/www.caririemacao.com\/1\/?p=132941"},"modified":"2019-11-06T10:18:13","modified_gmt":"2019-11-06T13:18:13","slug":"bom-demais-supermercados-comemora-03-anos-de-inauguracao","status":"publish","type":"post","link":"https:\/\/www.caririemacao.com\/1\/2019\/11\/06\/bom-demais-supermercados-comemora-03-anos-de-inauguracao\/","title":{"rendered":"BOM DEMAIS SUPERMERCADOS comemora 03 anos de inaugura\u00e7\u00e3o"},"content":{"rendered":"\n<p>O BOM DEMAIS SUPERMERCADOS est\u00e1 completando esta semana, 03 anos desde a sua inaugura\u00e7\u00e3o em Monteiro.<br>\u00c9 com muita alegria que partilhamos este momento com todos os nossos clientes e parceiros que fazem parte dessa jornada de sucesso.<br>E como n\u00e3o podia ser diferente, o BOM DEMAIS tem uma semana recheada de promo\u00e7\u00f5es para comemorar junto com seus clientes esta data super especial.<br>O BOM DEMAIS est\u00e1 aberto de Domingo \u00e1 Domingo, ao lado da Igreja Matriz.<strong><br><\/strong><strong>F\u00c1BIO BRITO<\/strong><\/p>\n","protected":false},"excerpt":{"rendered":"<p>O BOM DEMAIS SUPERMERCADOS est\u00e1 completando esta semana, 03 anos desde a sua inaugura\u00e7\u00e3o em Monteiro.\u00c9 com muita alegria que partilhamos este momento com todos&hellip; <\/p>\n","protected":false},"author":1,"featured_media":132943,"comment_status":"closed","ping_status":"closed","sticky":false,"template":"","format":"standard","meta":{"sfsi_plus_gutenberg_text_before_share":"","sfsi_plus_gutenberg_show_text_before_share":"","sfsi_plus_gutenberg_icon_type":"","sfsi_plus_gutenberg_icon_alignemt":"","sfsi_plus_gutenburg_max_per_row":"","footnotes":""},"categories":[2],"tags":[],"class_list":["post-132941","post","type-post","status-publish","format-standard","has-post-thumbnail","hentry","category-geral"],"_links":{"self":[{"href":"https:\/\/www.caririemacao.com\/1\/wp-json\/wp\/v2\/posts\/132941","targetHints":{"allow":["GET"]}}],"collection":[{"href":"https:\/\/www.caririemacao.com\/1\/wp-json\/wp\/v2\/posts"}],"about":[{"href":"https:\/\/www.caririemacao.com\/1\/wp-json\/wp\/v2\/types\/post"}],"author":[{"embeddable":true,"href":"https:\/\/www.caririemacao.com\/1\/wp-json\/wp\/v2\/users\/1"}],"replies":[{"embeddable":true,"href":"https:\/\/www.caririemacao.com\/1\/wp-json\/wp\/v2\/comments?post=132941"}],"version-history":[{"count":1,"href":"https:\/\/www.caririemacao.com\/1\/wp-json\/wp\/v2\/posts\/132941\/revisions"}],"predecessor-version":[{"id":132944,"href":"https:\/\/www.caririemacao.com\/1\/wp-json\/wp\/v2\/posts\/132941\/revisions\/132944"}],"wp:featuredmedia":[{"embeddable":true,"href":"https:\/\/www.caririemacao.com\/1\/wp-json\/wp\/v2\/media\/132943"}],"wp:attachment":[{"href":"https:\/\/www.caririemacao.com\/1\/wp-json\/wp\/v2\/media?parent=132941"}],"wp:term":[{"taxonomy":"category","embeddable":true,"href":"https:\/\/www.caririemacao.com\/1\/wp-json\/wp\/v2\/categories?post=132941"},{"taxonomy":"post_tag","embeddable":true,"href":"https:\/\/www.caririemacao.com\/1\/wp-json\/wp\/v2\/tags?post=132941"}],"curies":[{"name":"wp","href":"https:\/\/api.w.org\/{rel}","templated":true}]}}