{"id":132955,"date":"2019-11-06T10:36:39","date_gmt":"2019-11-06T13:36:39","guid":{"rendered":"http:\/\/www.caririemacao.com\/1\/?p=132955"},"modified":"2019-11-06T10:36:39","modified_gmt":"2019-11-06T13:36:39","slug":"federacao-dos-municipios-planeja-mobilizacao-contra-pec-de-bolsonaro-que-extingue-cidades-da-paraiba","status":"publish","type":"post","link":"https:\/\/www.caririemacao.com\/1\/2019\/11\/06\/federacao-dos-municipios-planeja-mobilizacao-contra-pec-de-bolsonaro-que-extingue-cidades-da-paraiba\/","title":{"rendered":"Federa\u00e7\u00e3o dos Munic\u00edpios planeja mobiliza\u00e7\u00e3o contra PEC de Bolsonaro que extingue cidades da Para\u00edba"},"content":{"rendered":"\n<p>A Proposta de Emenda \u00e0 Constitui\u00e7\u00e3o (PEC) apresentada pelo presidente Jair Bolsonaro que prev\u00ea a extin\u00e7\u00e3o de munic\u00edpios com menos de 5 mil habitantes e arrecada\u00e7\u00e3o pr\u00f3pria menor do que 10% da receita total n\u00e3o agradou todo mundo. Ainda nesta ter\u00e7a-feira (06) a Federa\u00e7\u00e3o das Associa\u00e7\u00f5es de Munic\u00edpios da Para\u00edba (Famup) se manifestou contra a proposta.<\/p>\n\n\n\n<p>O presidente da Famup, George Coelho, ressalta que a entidade n\u00e3o vai admitir a extin\u00e7\u00e3o de munic\u00edpios. Ele pretende iniciar uma mobiliza\u00e7\u00e3o contra essa proposta. \u201cInicialmente lutamos para o desenvolvimento de nossos munic\u00edpios, n\u00e3o podemos apoiar uma PEC que coloca fim a hist\u00f3ria das cidades paraibanas, do povo paraibano\u201d, afirmou.<\/p>\n\n\n\n<p>Ele ainda destacou que pretende \u201canalisar detalhadamente o teor da proposta para emitir uma nota t\u00e9cnica. Mas, a princ\u00edpio, sou totalmente contr\u00e1rio \u00e0 PEC\u201d.<\/p>\n\n\n\n<p>George Coelho afirma ainda que um novo Pacto Federativo deve ser formulado. No entanto, esta formula\u00e7\u00e3o precisa contar com uma distribui\u00e7\u00e3o igualit\u00e1ria de recursos p\u00fablicos. Ele considera ainda que uma medida como esta n\u00e3o pode incluir a extin\u00e7\u00e3o de munic\u00edpios.<\/p>\n\n\n\n<ul class=\"wp-block-list\"><li><a href=\"https:\/\/www.clickpb.com.br\/paraiba\/saiba-quais-sao-os-municipios-da-paraiba-que-correm-risco-de-extincao-apos-proposta-do-governo-271394.html\">Saiba quais s\u00e3o os munic\u00edpios da Para\u00edba que correm risco de extin\u00e7\u00e3o ap\u00f3s proposta do governo<\/a><\/li><li><a href=\"https:\/\/www.clickpb.com.br\/paraiba\/medida-do-governo-federal-pode-extinguir-pelo-menos-25-dos-municipios-da-paraiba-271382.html\">Medida do Governo Federal pode extinguir pelo menos 25% dos munic\u00edpios da Para\u00edba<\/a><\/li><li><a href=\"https:\/\/www.clickpb.com.br\/brasil\/governo-propoe-fundir-municipios-com-menos-de-5-mil-habitantes-271379.html\">Governo prop\u00f5e fundir munic\u00edpios com menos de 5 mil habitantes<\/a><\/li><\/ul>\n\n\n\n<p>Com a aprova\u00e7\u00e3o da PEC, que foi encaminhada ao Congresso Nacional, a Para\u00edba corre o risco de perder 67 munic\u00edpios. Caindo de 223 para 156 munic\u00edpios. Em todo o Brasil, 1.254 munic\u00edpios se encaixam nessas condi\u00e7\u00f5es hoje e seriam incorporados a cidades vizinhas a partir de 2026. O n\u00famero representa 22,5% do total de munic\u00edpios brasileiros.<\/p>\n","protected":false},"excerpt":{"rendered":"<p>A Proposta de Emenda \u00e0 Constitui\u00e7\u00e3o (PEC) apresentada pelo presidente Jair Bolsonaro que prev\u00ea a extin\u00e7\u00e3o de munic\u00edpios com menos de 5 mil habitantes e&hellip; <\/p>\n","protected":false},"author":1,"featured_media":126636,"comment_status":"closed","ping_status":"closed","sticky":false,"template":"","format":"standard","meta":{"sfsi_plus_gutenberg_text_before_share":"","sfsi_plus_gutenberg_show_text_before_share":"","sfsi_plus_gutenberg_icon_type":"","sfsi_plus_gutenberg_icon_alignemt":"","sfsi_plus_gutenburg_max_per_row":"","footnotes":""},"categories":[2],"tags":[],"class_list":["post-132955","post","type-post","status-publish","format-standard","has-post-thumbnail","hentry","category-geral"],"_links":{"self":[{"href":"https:\/\/www.caririemacao.com\/1\/wp-json\/wp\/v2\/posts\/132955","targetHints":{"allow":["GET"]}}],"collection":[{"href":"https:\/\/www.caririemacao.com\/1\/wp-json\/wp\/v2\/posts"}],"about":[{"href":"https:\/\/www.caririemacao.com\/1\/wp-json\/wp\/v2\/types\/post"}],"author":[{"embeddable":true,"href":"https:\/\/www.caririemacao.com\/1\/wp-json\/wp\/v2\/users\/1"}],"replies":[{"embeddable":true,"href":"https:\/\/www.caririemacao.com\/1\/wp-json\/wp\/v2\/comments?post=132955"}],"version-history":[{"count":1,"href":"https:\/\/www.caririemacao.com\/1\/wp-json\/wp\/v2\/posts\/132955\/revisions"}],"predecessor-version":[{"id":132956,"href":"https:\/\/www.caririemacao.com\/1\/wp-json\/wp\/v2\/posts\/132955\/revisions\/132956"}],"wp:featuredmedia":[{"embeddable":true,"href":"https:\/\/www.caririemacao.com\/1\/wp-json\/wp\/v2\/media\/126636"}],"wp:attachment":[{"href":"https:\/\/www.caririemacao.com\/1\/wp-json\/wp\/v2\/media?parent=132955"}],"wp:term":[{"taxonomy":"category","embeddable":true,"href":"https:\/\/www.caririemacao.com\/1\/wp-json\/wp\/v2\/categories?post=132955"},{"taxonomy":"post_tag","embeddable":true,"href":"https:\/\/www.caririemacao.com\/1\/wp-json\/wp\/v2\/tags?post=132955"}],"curies":[{"name":"wp","href":"https:\/\/api.w.org\/{rel}","templated":true}]}}