{"id":132959,"date":"2019-11-06T10:39:28","date_gmt":"2019-11-06T13:39:28","guid":{"rendered":"http:\/\/www.caririemacao.com\/1\/?p=132959"},"modified":"2019-11-06T10:39:28","modified_gmt":"2019-11-06T13:39:28","slug":"bolsonaro-diz-que-tres-empresas-deixarao-argentina-e-uma-hora-depois-apaga-publicacao","status":"publish","type":"post","link":"https:\/\/www.caririemacao.com\/1\/2019\/11\/06\/bolsonaro-diz-que-tres-empresas-deixarao-argentina-e-uma-hora-depois-apaga-publicacao\/","title":{"rendered":"Bolsonaro diz que tr\u00eas empresas deixar\u00e3o Argentina e, uma hora depois, apaga publica\u00e7\u00e3o"},"content":{"rendered":"\n<p>Os principais jornais argentinos estamparam como manchete na manh\u00e3 desta quarta-feira (6), em suas p\u00e1ginas web, a postagem em uma rede social do presidente brasileiro, Jair Bolsonaro.&nbsp;<\/p>\n\n\n\n<p>A publica\u00e7\u00e3o feita no Twitter dizia: &#8220;MWM, f\u00e1brica de motores americanos; Honda, gigante dos autom\u00f3veis; e L&#8217;Or\u00e9al anunciaram fechamento de suas f\u00e1bricas na Argentina e sua instala\u00e7\u00e3o no Brasil&#8221;, insinuando que a vit\u00f3ria do kirchnerismo seria a raz\u00e3o.<\/p>\n\n\n\n<figure class=\"wp-block-image\"><img decoding=\"async\" data-src=\"https:\/\/www.clickpb.com.br\/media\/filer_public\/bc\/5a\/bc5af8bb-209f-4cb9-80ef-c9d9a63577cc\/twitter_bolsonaro.jpg\" alt=\"\" src=\"data:image\/svg+xml;base64,PHN2ZyB3aWR0aD0iMSIgaGVpZ2h0PSIxIiB4bWxucz0iaHR0cDovL3d3dy53My5vcmcvMjAwMC9zdmciPjwvc3ZnPg==\" class=\"lazyload\" \/><\/figure>\n\n\n\n<p>A not\u00edcia causou alarde na Argentina, sendo o destaque dos notici\u00e1rios matutinos.<\/p>\n\n\n\n<p>No Clar\u00edn, o t\u00edtulo principal, \u00e0s 8 horas era: &#8220;Bolsonaro anunciou que tr\u00eas empresas fecham f\u00e1bricas na Argentina para irem ao Brasil&#8221;.<\/p>\n\n\n\n<p>No La Naci\u00f3n: &#8220;Bolsonaro diz que tr\u00eas multinacionais fecham na Argentina&#8221;.&nbsp;<br>Em pouco mais de uma hora, por\u00e9m, a postagem sumiu.<\/p>\n\n\n\n<p>Ouvidas, as empresas negaram a informa\u00e7\u00e3o. &#8220;A Honda n\u00e3o est\u00e1 fechando sua f\u00e1brica na Argentina, mas sim manter\u00e1 suas opera\u00e7\u00f5es no pa\u00eds como estava previsto. A partir de 2020, concentrar\u00e1 sua produ\u00e7\u00e3o na linha de motocicletas. A divis\u00e3o de autom\u00f3veis tamb\u00e9m continuar\u00e1 no pa\u00eds com os modelos provenientes do exterior.&#8221;<\/p>\n\n\n\n<p>J\u00e1 a f\u00e1brica de motores MWM Argentina, sim, fechou sua f\u00e1brica em C\u00f3rdoba no m\u00eas passado, mas afirma que isso n\u00e3o tinha rela\u00e7\u00e3o com a vit\u00f3ria do kirchnerismo nas elei\u00e7\u00f5es e que seriam mantidas, na Argentina, a assist\u00eancia t\u00e9cnica e a distribui\u00e7\u00e3o de pe\u00e7as de reposi\u00e7\u00e3o.&nbsp;<\/p>\n\n\n\n<p>A L&#8217;Ore\u00e1l afirmou n\u00e3o ter previsto o fechamento de nenhuma f\u00e1brica na Argentina.<\/p>\n","protected":false},"excerpt":{"rendered":"<p>Os principais jornais argentinos estamparam como manchete na manh\u00e3 desta quarta-feira (6), em suas p\u00e1ginas web, a postagem em uma rede social do presidente brasileiro,&hellip; <\/p>\n","protected":false},"author":1,"featured_media":105373,"comment_status":"closed","ping_status":"closed","sticky":false,"template":"","format":"standard","meta":{"sfsi_plus_gutenberg_text_before_share":"","sfsi_plus_gutenberg_show_text_before_share":"","sfsi_plus_gutenberg_icon_type":"","sfsi_plus_gutenberg_icon_alignemt":"","sfsi_plus_gutenburg_max_per_row":"","footnotes":""},"categories":[11],"tags":[],"class_list":["post-132959","post","type-post","status-publish","format-standard","has-post-thumbnail","hentry","category-politica"],"_links":{"self":[{"href":"https:\/\/www.caririemacao.com\/1\/wp-json\/wp\/v2\/posts\/132959","targetHints":{"allow":["GET"]}}],"collection":[{"href":"https:\/\/www.caririemacao.com\/1\/wp-json\/wp\/v2\/posts"}],"about":[{"href":"https:\/\/www.caririemacao.com\/1\/wp-json\/wp\/v2\/types\/post"}],"author":[{"embeddable":true,"href":"https:\/\/www.caririemacao.com\/1\/wp-json\/wp\/v2\/users\/1"}],"replies":[{"embeddable":true,"href":"https:\/\/www.caririemacao.com\/1\/wp-json\/wp\/v2\/comments?post=132959"}],"version-history":[{"count":1,"href":"https:\/\/www.caririemacao.com\/1\/wp-json\/wp\/v2\/posts\/132959\/revisions"}],"predecessor-version":[{"id":132963,"href":"https:\/\/www.caririemacao.com\/1\/wp-json\/wp\/v2\/posts\/132959\/revisions\/132963"}],"wp:featuredmedia":[{"embeddable":true,"href":"https:\/\/www.caririemacao.com\/1\/wp-json\/wp\/v2\/media\/105373"}],"wp:attachment":[{"href":"https:\/\/www.caririemacao.com\/1\/wp-json\/wp\/v2\/media?parent=132959"}],"wp:term":[{"taxonomy":"category","embeddable":true,"href":"https:\/\/www.caririemacao.com\/1\/wp-json\/wp\/v2\/categories?post=132959"},{"taxonomy":"post_tag","embeddable":true,"href":"https:\/\/www.caririemacao.com\/1\/wp-json\/wp\/v2\/tags?post=132959"}],"curies":[{"name":"wp","href":"https:\/\/api.w.org\/{rel}","templated":true}]}}