{"id":132997,"date":"2019-11-06T10:48:16","date_gmt":"2019-11-06T13:48:16","guid":{"rendered":"http:\/\/www.caririemacao.com\/1\/?p=132997"},"modified":"2019-11-06T10:48:16","modified_gmt":"2019-11-06T13:48:16","slug":"numero-de-jovens-que-nao-estudam-nem-trabalham-aumentou-em-2018","status":"publish","type":"post","link":"https:\/\/www.caririemacao.com\/1\/2019\/11\/06\/numero-de-jovens-que-nao-estudam-nem-trabalham-aumentou-em-2018\/","title":{"rendered":"N\u00famero de jovens que n\u00e3o estudam nem trabalham aumentou em 2018"},"content":{"rendered":"\n<p>Em 2018, 23% dos jovens de 15 a 29 anos &#8211; 10,9 milh\u00f5es &#8211; n\u00e3o estudavam, nem trabalhavam, os chamados nem-nem. Foi o maior \u00edndice da s\u00e9rie hist\u00f3rica. Os dados foram divulgados hoje (6) pelo Instituto Brasileiro de Geografia e Estat\u00edstica (IBGE), na pesquisa S\u00edntese de Indicadores Sociais (SIS) 2019, que analisa as condi\u00e7\u00f5es de vida da popula\u00e7\u00e3o brasileira.Entre os jovens de 18 e 24 anos, a incid\u00eancia chega a 27,9% e nos jovens adultos, de 25 a 29 anos, a taxa de nem-nem \u00e9 de 25,9%. Segundo o IBGE, o fen\u00f4meno \u00e9 fortemente influenciado pela interrup\u00e7\u00e3o dos estudos. Os dados mostram que dos jovens de18 a 24 anos nessa condi\u00e7\u00e3o, 46,6% n\u00e3o tinham conclu\u00eddo o ensino fundamental e 27,7% terminaram apenas essa etapa. Na faixa entre 25 e 29 anos, a propor\u00e7\u00e3o \u00e9 de 44,1% e 31,2%, respectivamente. Dos jovens que conclu\u00edram o ensino m\u00e9dio, h\u00e1 mais nem-nem entre quem fez ensino regular do que entre os que conclu\u00edram o ensino t\u00e9cnico.O gerente da pesquisa, Andr\u00e9 Sim\u00f5es, explica que o fen\u00f4meno dos jovens que n\u00e3o estudam e n\u00e3o est\u00e3o ocupados \u00e9 estrutural. \u201c\u00c9 um segmento estrutural, porque tem fatores que dependem de pol\u00edticas espec\u00edficas para que haja redu\u00e7\u00e3o. Por exemplo, h\u00e1 um percentual elevado de mulheres, mulheres com filhos e tamb\u00e9m mulheres que realizam afazeres e cuidados&nbsp;dom\u00e9sticos que impedem que elas possam ir para o mercado de trabalho\u201d.<\/p>\n\n\n\n<figure class=\"wp-block-image\"><img fetchpriority=\"high\" decoding=\"async\" width=\"300\" height=\"464\" src=\"http:\/\/www.caririemacao.com\/1\/wp-content\/uploads\/2019\/11\/image.png\" alt=\"\" class=\"wp-image-132999\" srcset=\"https:\/\/www.caririemacao.com\/1\/wp-content\/uploads\/2019\/11\/image.png 300w, https:\/\/www.caririemacao.com\/1\/wp-content\/uploads\/2019\/11\/image-194x300.png 194w\" sizes=\"(max-width: 300px) 100vw, 300px\" \/><\/figure>\n\n\n\n<p>Se entre os homens de 25 a 29 anos nessa condi\u00e7\u00e3o 51,5% estavam desocupados, ou seja, buscavam trabalho, entre as mulheres na mesma idade a maior propor\u00e7\u00e3o est\u00e1 fora da for\u00e7a de trabalho, com 67,7% delas sem procurar trabalho. Segundo o IBGE, entre as justificativas apresentadas para n\u00e3o procurar ocupa\u00e7\u00e3o remunerada est\u00e3o os afazeres dom\u00e9sticos e o cuidado de filhos ou parentes.Os dados do IBGE revelam que 2,4 milh\u00f5es de jovens est\u00e3o na situa\u00e7\u00e3o de n\u00e3o estudar, n\u00e3o estar ocupado e n\u00e3o procurar trabalho. Entre esses, 57,4% estavam em desalento, provocado principalmente por falta de trabalho na localidade (39,6%), n\u00e3o conseguir emprego considerado adequado (10,7%) ou n\u00e3o ter experi\u00eancia ou qualifica\u00e7\u00e3o profissional (6,1%).O recorte por rendimento demonstra a desigualdade social tamb\u00e9m nesse quesito. Entre os jovens que integram os 20% da popula\u00e7\u00e3o com menores rendimentos domiciliares<em>&nbsp;per capita<\/em>, 42,3% estavam na situa\u00e7\u00e3o nem-nem em 2018; de 20% a 40% eram 29,2%; entre 40% e 60% somavam 18,3%; com rendimento de 60% a 80%, 10,1% dos jovens estavam nessa situa\u00e7\u00e3o; e entre os 20% com os maiores rendimento a propor\u00e7\u00e3o \u00e9 de 7%.A taxa de desocupa\u00e7\u00e3o geral no pa\u00eds em 2018 estava em 12%, mas no grupo de 14 a 29 anos chegou a 22,6% em 2017 e fechou 2018 em 22,3%.<\/p>\n","protected":false},"excerpt":{"rendered":"<p>Em 2018, 23% dos jovens de 15 a 29 anos &#8211; 10,9 milh\u00f5es &#8211; n\u00e3o estudavam, nem trabalhavam, os chamados nem-nem. Foi o maior \u00edndice&hellip; <\/p>\n","protected":false},"author":1,"featured_media":75242,"comment_status":"closed","ping_status":"closed","sticky":false,"template":"","format":"standard","meta":{"sfsi_plus_gutenberg_text_before_share":"","sfsi_plus_gutenberg_show_text_before_share":"","sfsi_plus_gutenberg_icon_type":"","sfsi_plus_gutenberg_icon_alignemt":"","sfsi_plus_gutenburg_max_per_row":"","footnotes":""},"categories":[2],"tags":[],"class_list":["post-132997","post","type-post","status-publish","format-standard","has-post-thumbnail","hentry","category-geral"],"_links":{"self":[{"href":"https:\/\/www.caririemacao.com\/1\/wp-json\/wp\/v2\/posts\/132997","targetHints":{"allow":["GET"]}}],"collection":[{"href":"https:\/\/www.caririemacao.com\/1\/wp-json\/wp\/v2\/posts"}],"about":[{"href":"https:\/\/www.caririemacao.com\/1\/wp-json\/wp\/v2\/types\/post"}],"author":[{"embeddable":true,"href":"https:\/\/www.caririemacao.com\/1\/wp-json\/wp\/v2\/users\/1"}],"replies":[{"embeddable":true,"href":"https:\/\/www.caririemacao.com\/1\/wp-json\/wp\/v2\/comments?post=132997"}],"version-history":[{"count":1,"href":"https:\/\/www.caririemacao.com\/1\/wp-json\/wp\/v2\/posts\/132997\/revisions"}],"predecessor-version":[{"id":133000,"href":"https:\/\/www.caririemacao.com\/1\/wp-json\/wp\/v2\/posts\/132997\/revisions\/133000"}],"wp:featuredmedia":[{"embeddable":true,"href":"https:\/\/www.caririemacao.com\/1\/wp-json\/wp\/v2\/media\/75242"}],"wp:attachment":[{"href":"https:\/\/www.caririemacao.com\/1\/wp-json\/wp\/v2\/media?parent=132997"}],"wp:term":[{"taxonomy":"category","embeddable":true,"href":"https:\/\/www.caririemacao.com\/1\/wp-json\/wp\/v2\/categories?post=132997"},{"taxonomy":"post_tag","embeddable":true,"href":"https:\/\/www.caririemacao.com\/1\/wp-json\/wp\/v2\/tags?post=132997"}],"curies":[{"name":"wp","href":"https:\/\/api.w.org\/{rel}","templated":true}]}}