{"id":133005,"date":"2019-11-06T13:12:53","date_gmt":"2019-11-06T16:12:53","guid":{"rendered":"http:\/\/www.caririemacao.com\/1\/?p=133005"},"modified":"2019-11-06T13:12:53","modified_gmt":"2019-11-06T16:12:53","slug":"prefeito-do-amparo-participa-de-audiencia-publica-sobre-residuos-solidos","status":"publish","type":"post","link":"https:\/\/www.caririemacao.com\/1\/2019\/11\/06\/prefeito-do-amparo-participa-de-audiencia-publica-sobre-residuos-solidos\/","title":{"rendered":"Prefeito do Amparo participa de Audi\u00eancia P\u00fablica sobre res\u00edduos s\u00f3lidos"},"content":{"rendered":"\n<p>Acompanhado da chefe de gabinete Josenice Silva e do vereador Lu\u00eds Pequeno, o prefeito In\u00e1cio N\u00f3brega esteve participando nesta ter\u00e7a feira, 05, de uma audi\u00eancia p\u00fablica convocada pelo Minist\u00e9rio P\u00fablico na cidade de Campina Grande.<br>O objetivo da audi\u00eancia foi discutir as a\u00e7\u00f5es e medidas que dever\u00e3o ser adotadas pelos munic\u00edpios no sentido de erradicar os chamados &#8220;lix\u00f5es&#8221; sob o risco de serem punidos pelo \u00f3rg\u00e3o, caso n\u00e3o adotem medidas urgentes.<strong><br><\/strong><strong>Ascom<\/strong><\/p>\n","protected":false},"excerpt":{"rendered":"<p>Acompanhado da chefe de gabinete Josenice Silva e do vereador Lu\u00eds Pequeno, o prefeito In\u00e1cio N\u00f3brega esteve participando nesta ter\u00e7a feira, 05, de uma audi\u00eancia&hellip; <\/p>\n","protected":false},"author":1,"featured_media":133007,"comment_status":"closed","ping_status":"closed","sticky":false,"template":"","format":"standard","meta":{"sfsi_plus_gutenberg_text_before_share":"","sfsi_plus_gutenberg_show_text_before_share":"","sfsi_plus_gutenberg_icon_type":"","sfsi_plus_gutenberg_icon_alignemt":"","sfsi_plus_gutenburg_max_per_row":"","footnotes":""},"categories":[6],"tags":[],"class_list":["post-133005","post","type-post","status-publish","format-standard","has-post-thumbnail","hentry","category-cidades"],"_links":{"self":[{"href":"https:\/\/www.caririemacao.com\/1\/wp-json\/wp\/v2\/posts\/133005","targetHints":{"allow":["GET"]}}],"collection":[{"href":"https:\/\/www.caririemacao.com\/1\/wp-json\/wp\/v2\/posts"}],"about":[{"href":"https:\/\/www.caririemacao.com\/1\/wp-json\/wp\/v2\/types\/post"}],"author":[{"embeddable":true,"href":"https:\/\/www.caririemacao.com\/1\/wp-json\/wp\/v2\/users\/1"}],"replies":[{"embeddable":true,"href":"https:\/\/www.caririemacao.com\/1\/wp-json\/wp\/v2\/comments?post=133005"}],"version-history":[{"count":1,"href":"https:\/\/www.caririemacao.com\/1\/wp-json\/wp\/v2\/posts\/133005\/revisions"}],"predecessor-version":[{"id":133008,"href":"https:\/\/www.caririemacao.com\/1\/wp-json\/wp\/v2\/posts\/133005\/revisions\/133008"}],"wp:featuredmedia":[{"embeddable":true,"href":"https:\/\/www.caririemacao.com\/1\/wp-json\/wp\/v2\/media\/133007"}],"wp:attachment":[{"href":"https:\/\/www.caririemacao.com\/1\/wp-json\/wp\/v2\/media?parent=133005"}],"wp:term":[{"taxonomy":"category","embeddable":true,"href":"https:\/\/www.caririemacao.com\/1\/wp-json\/wp\/v2\/categories?post=133005"},{"taxonomy":"post_tag","embeddable":true,"href":"https:\/\/www.caririemacao.com\/1\/wp-json\/wp\/v2\/tags?post=133005"}],"curies":[{"name":"wp","href":"https:\/\/api.w.org\/{rel}","templated":true}]}}