{"id":133011,"date":"2019-11-06T13:15:31","date_gmt":"2019-11-06T16:15:31","guid":{"rendered":"http:\/\/www.caririemacao.com\/1\/?p=133011"},"modified":"2019-11-06T13:15:31","modified_gmt":"2019-11-06T16:15:31","slug":"prefeitura-de-sao-sebastiao-do-umbuzeiro-realiza-mutirao-de-exame-de-vista","status":"publish","type":"post","link":"https:\/\/www.caririemacao.com\/1\/2019\/11\/06\/prefeitura-de-sao-sebastiao-do-umbuzeiro-realiza-mutirao-de-exame-de-vista\/","title":{"rendered":"Prefeitura de S\u00e3o Sebasti\u00e3o do Umbuzeiro realiza mutir\u00e3o de exame de vista"},"content":{"rendered":"\n<figure class=\"wp-block-image\"><img decoding=\"async\" data-src=\"https:\/\/cdn.shortpixel.ai\/client\/to_webp,q_glossy,ret_img,w_1024\/http:\/\/www.blogdodidi.com.br\/wp-content\/uploads\/2019\/11\/WhatsApp-Image-2019-11-05-at-12.04.21-1-1-1024x768.jpeg\" alt=\"\" src=\"data:image\/svg+xml;base64,PHN2ZyB3aWR0aD0iMSIgaGVpZ2h0PSIxIiB4bWxucz0iaHR0cDovL3d3dy53My5vcmcvMjAwMC9zdmciPjwvc3ZnPg==\" class=\"lazyload\" style=\"--smush-placeholder-width: 1024px; --smush-placeholder-aspect-ratio: 1024\/768;\" \/><\/figure>\n\n\n\n<p>A Prefeitura&nbsp;&nbsp;de S\u00e3o Sebasti\u00e3o do Umbuzeiro, atrav\u00e9s da Secretaria de Municipal da Sa\u00fade, promovem n\u00f3s dia 04 e 05 de novembro triagem Oftalmol\u00f3gica as consultas acontecer\u00e1 nesta sexta-feira dia 08 Novembro 2019, a partir das 8h00.<br>Ser\u00e1 realizado um mutir\u00e3o para atendimento oftalmol\u00f3gico no munic\u00edpio de S\u00e3o Sebasti\u00e3o do Umbuzeiro. A a\u00e7\u00e3o integra o calend\u00e1rio de atividades \u201cSa\u00fade ocular\u201d, programa destinado \u00e0 preven\u00e7\u00e3o e \u00e0 recupera\u00e7\u00e3o da sa\u00fade ocular da popula\u00e7\u00e3o.<br>Os atendimentos acontecer\u00e3o no CEO de S\u00e3o Sebasti\u00e3o do Umbuzeiro pr\u00f3ximo UBS. Para participar do mutir\u00e3o, os pacientes precisam passam por um processo de triagem que est\u00e1 ocorrendo no CEO, que inclui a realiza\u00e7\u00e3o de um teste de acuidade visual.<br><strong>Com BLOG DO DIDI<\/strong><\/p>\n","protected":false},"excerpt":{"rendered":"<p>A Prefeitura&nbsp;&nbsp;de S\u00e3o Sebasti\u00e3o do Umbuzeiro, atrav\u00e9s da Secretaria de Municipal da Sa\u00fade, promovem n\u00f3s dia 04 e 05 de novembro triagem Oftalmol\u00f3gica as consultas&hellip; <\/p>\n","protected":false},"author":1,"featured_media":133013,"comment_status":"closed","ping_status":"closed","sticky":false,"template":"","format":"standard","meta":{"sfsi_plus_gutenberg_text_before_share":"","sfsi_plus_gutenberg_show_text_before_share":"","sfsi_plus_gutenberg_icon_type":"","sfsi_plus_gutenberg_icon_alignemt":"","sfsi_plus_gutenburg_max_per_row":"","footnotes":""},"categories":[2],"tags":[],"class_list":["post-133011","post","type-post","status-publish","format-standard","has-post-thumbnail","hentry","category-geral"],"_links":{"self":[{"href":"https:\/\/www.caririemacao.com\/1\/wp-json\/wp\/v2\/posts\/133011","targetHints":{"allow":["GET"]}}],"collection":[{"href":"https:\/\/www.caririemacao.com\/1\/wp-json\/wp\/v2\/posts"}],"about":[{"href":"https:\/\/www.caririemacao.com\/1\/wp-json\/wp\/v2\/types\/post"}],"author":[{"embeddable":true,"href":"https:\/\/www.caririemacao.com\/1\/wp-json\/wp\/v2\/users\/1"}],"replies":[{"embeddable":true,"href":"https:\/\/www.caririemacao.com\/1\/wp-json\/wp\/v2\/comments?post=133011"}],"version-history":[{"count":1,"href":"https:\/\/www.caririemacao.com\/1\/wp-json\/wp\/v2\/posts\/133011\/revisions"}],"predecessor-version":[{"id":133014,"href":"https:\/\/www.caririemacao.com\/1\/wp-json\/wp\/v2\/posts\/133011\/revisions\/133014"}],"wp:featuredmedia":[{"embeddable":true,"href":"https:\/\/www.caririemacao.com\/1\/wp-json\/wp\/v2\/media\/133013"}],"wp:attachment":[{"href":"https:\/\/www.caririemacao.com\/1\/wp-json\/wp\/v2\/media?parent=133011"}],"wp:term":[{"taxonomy":"category","embeddable":true,"href":"https:\/\/www.caririemacao.com\/1\/wp-json\/wp\/v2\/categories?post=133011"},{"taxonomy":"post_tag","embeddable":true,"href":"https:\/\/www.caririemacao.com\/1\/wp-json\/wp\/v2\/tags?post=133011"}],"curies":[{"name":"wp","href":"https:\/\/api.w.org\/{rel}","templated":true}]}}