{"id":133017,"date":"2019-11-06T13:16:52","date_gmt":"2019-11-06T16:16:52","guid":{"rendered":"http:\/\/www.caririemacao.com\/1\/?p=133017"},"modified":"2019-11-06T13:16:52","modified_gmt":"2019-11-06T16:16:52","slug":"prefeito-adriano-wolff-leva-experiencia-pioneira-de-fechamento-de-lixao-de-ss-do-umbuzeiro-para-mais-de-50-prefeitos-paraibanos","status":"publish","type":"post","link":"https:\/\/www.caririemacao.com\/1\/2019\/11\/06\/prefeito-adriano-wolff-leva-experiencia-pioneira-de-fechamento-de-lixao-de-ss-do-umbuzeiro-para-mais-de-50-prefeitos-paraibanos\/","title":{"rendered":"Prefeito Adriano Wolff leva experiencia pioneira de fechamento de lix\u00e3o de SS do Umbuzeiro para mais de 50 prefeitos paraibanos"},"content":{"rendered":"\n<figure class=\"wp-block-image\"><img decoding=\"async\" data-src=\"https:\/\/scontent.fcpv1-1.fna.fbcdn.net\/v\/t1.0-9\/75464142_2343654389093276_6153538716020244480_n.jpg?_nc_cat=101&amp;_nc_eui2=AeEehRQiATN6ysH4q13L5qlOhh-Afhi7w73EIR2ux76Tyg7GBjPJVk0t79SHfpdw-z19SxjlOW0UdC5oQp1RzHyrUg8T8sdoLQBPg8RwXT4JWQ&amp;_nc_oc=AQmN8hJeKB09QTj82GRxW18O5-9n9pa_f5jhg3EFvdwgnrSfPFnZUeOPKmJ1L-a-j0w&amp;_nc_ht=scontent.fcpv1-1.fna&amp;oh=2b5b8c65d7770e7667bf746f62177e88&amp;oe=5E5F663B\" alt=\"A imagem pode conter: 3 pessoas, pessoas em p\u00e9\" src=\"data:image\/svg+xml;base64,PHN2ZyB3aWR0aD0iMSIgaGVpZ2h0PSIxIiB4bWxucz0iaHR0cDovL3d3dy53My5vcmcvMjAwMC9zdmciPjwvc3ZnPg==\" class=\"lazyload\" \/><\/figure>\n\n\n\n<p>O prefeito Adriano Wolff teve participa\u00e7\u00e3o de destaque nesta ter\u00e7a feira, em reuni\u00e3o provocada pelo MPPB com prefeitos de mais de 50 cidades cujo tema era o acordo de sustentabilidade em lix\u00f5es<br>A reuni\u00e3o aconteceu na Promotoria de Justi\u00e7a de Campina Grande, \u00e0s 14h30 desta ter\u00e7a-feira, reunindo gestores de 53 cidades.<br>O Minist\u00e9rio P\u00fablico da Para\u00edba est\u00e1 retomando a articula\u00e7\u00e3o com 123 prefeitos de munic\u00edpios nas regi\u00f5es do Agreste e Sert\u00e3o paraibanos, para que eles assinem acordos de n\u00e3o-persecu\u00e7\u00e3o penal se comprometendo a dar a destina\u00e7\u00e3o correta ao lixo produzido em suas cidades, at\u00e9 o dia 1 de dezembro de 2020.<br>A medida faz parte do projeto \u201cFim dos Lix\u00f5es\u201d, que est\u00e1 sendo desenvolvido desde 2018 e inclui tamb\u00e9m a assinatura de termos de ajustamento de conduta (TACs) para a recupera\u00e7\u00e3o das \u00e1reas degradadas pelo dep\u00f3sito de dejetos a c\u00e9u aberto, no prazo de cinco anos. As reuni\u00f5es ocorrer\u00e3o em tr\u00eas cidades-polos: Campina Grande, Patos e Souza, nesta ter\u00e7a e quarta-feira (5 e 6\/11).<br>O Minist\u00e9rio P\u00fablico est\u00e1 apresentando aos munic\u00edpios experi\u00eancias exitosas de outras cidades do pa\u00eds com caracter\u00edsticas semelhantes \u00e0s da Para\u00edba que investiram em coleta seletiva, em compostagem e conseguiram reduzir significativamente a produ\u00e7\u00e3o de res\u00edduos e dar a destina\u00e7\u00e3o correta ao lixo.<br>Na Para\u00edba, o fechamento do lix\u00e3o de SS do Umbuzeiro foi pioneiro e por isso o prefeito Adriano explanou sobre o processo e as decis\u00f5es que tomou como administrador.<br>O munic\u00edpio de S\u00e3o Sebasti\u00e3o do Umbuzeiro, que integram a 3\u00aa microrregi\u00e3o, se antecipou ao chamamento do Minist\u00e9rio P\u00fablico e fechou o seu lix\u00e3o no \u00faltimo dia 15 de outubro.<br>O lixo produzido em S\u00e3o Sebasti\u00e3o do Umbuzeiro est\u00e1 indo para Arcoverde\/PE<br>F\u00c1BIO BRITO<\/p>\n","protected":false},"excerpt":{"rendered":"<p>O prefeito Adriano Wolff teve participa\u00e7\u00e3o de destaque nesta ter\u00e7a feira, em reuni\u00e3o provocada pelo MPPB com prefeitos de mais de 50 cidades cujo tema&hellip; <\/p>\n","protected":false},"author":1,"featured_media":133020,"comment_status":"closed","ping_status":"closed","sticky":false,"template":"","format":"standard","meta":{"sfsi_plus_gutenberg_text_before_share":"","sfsi_plus_gutenberg_show_text_before_share":"","sfsi_plus_gutenberg_icon_type":"","sfsi_plus_gutenberg_icon_alignemt":"","sfsi_plus_gutenburg_max_per_row":"","footnotes":""},"categories":[6],"tags":[],"class_list":["post-133017","post","type-post","status-publish","format-standard","has-post-thumbnail","hentry","category-cidades"],"_links":{"self":[{"href":"https:\/\/www.caririemacao.com\/1\/wp-json\/wp\/v2\/posts\/133017","targetHints":{"allow":["GET"]}}],"collection":[{"href":"https:\/\/www.caririemacao.com\/1\/wp-json\/wp\/v2\/posts"}],"about":[{"href":"https:\/\/www.caririemacao.com\/1\/wp-json\/wp\/v2\/types\/post"}],"author":[{"embeddable":true,"href":"https:\/\/www.caririemacao.com\/1\/wp-json\/wp\/v2\/users\/1"}],"replies":[{"embeddable":true,"href":"https:\/\/www.caririemacao.com\/1\/wp-json\/wp\/v2\/comments?post=133017"}],"version-history":[{"count":1,"href":"https:\/\/www.caririemacao.com\/1\/wp-json\/wp\/v2\/posts\/133017\/revisions"}],"predecessor-version":[{"id":133021,"href":"https:\/\/www.caririemacao.com\/1\/wp-json\/wp\/v2\/posts\/133017\/revisions\/133021"}],"wp:featuredmedia":[{"embeddable":true,"href":"https:\/\/www.caririemacao.com\/1\/wp-json\/wp\/v2\/media\/133020"}],"wp:attachment":[{"href":"https:\/\/www.caririemacao.com\/1\/wp-json\/wp\/v2\/media?parent=133017"}],"wp:term":[{"taxonomy":"category","embeddable":true,"href":"https:\/\/www.caririemacao.com\/1\/wp-json\/wp\/v2\/categories?post=133017"},{"taxonomy":"post_tag","embeddable":true,"href":"https:\/\/www.caririemacao.com\/1\/wp-json\/wp\/v2\/tags?post=133017"}],"curies":[{"name":"wp","href":"https:\/\/api.w.org\/{rel}","templated":true}]}}