{"id":133034,"date":"2019-11-06T13:25:07","date_gmt":"2019-11-06T16:25:07","guid":{"rendered":"http:\/\/www.caririemacao.com\/1\/?p=133034"},"modified":"2019-11-06T13:25:07","modified_gmt":"2019-11-06T16:25:07","slug":"pb-tem-a-menor-taxa-de-desocupacao-do-nordeste-porem-mais-de-50-da-populacao-adulta-nao-tem-instrucao","status":"publish","type":"post","link":"https:\/\/www.caririemacao.com\/1\/2019\/11\/06\/pb-tem-a-menor-taxa-de-desocupacao-do-nordeste-porem-mais-de-50-da-populacao-adulta-nao-tem-instrucao\/","title":{"rendered":"PB tem a menor taxa de desocupa\u00e7\u00e3o do Nordeste, por\u00e9m mais de 50% da popula\u00e7\u00e3o adulta n\u00e3o tem instru\u00e7\u00e3o"},"content":{"rendered":"\n<p>A Para\u00edba tem taxa de desocupa\u00e7\u00e3o de 10,3%, a menor do Nordeste, segundo dados da S\u00edntese de Indicadores Sociais (SIS), divulgada pelo IBGE nesta quarta-feira (6).&nbsp;<\/p>\n\n\n\n<p>Referente \u00e0s pessoas de 14 anos de idade ou mais, a taxa de desocupa\u00e7\u00e3o no estado est\u00e1 abaixo da m\u00e9dia da regi\u00e3o, de 14,5%, e da nacional, de 12%. Apesar disso, esse \u00e9 o maior indicador registrado desde 2012, exceto em rela\u00e7\u00e3o ao ano de 2016, quando a taxa foi de 10,9%.<\/p>\n\n\n\n<p>A pesquisa constatou ainda que, das cerca de 1,5 milh\u00e3o de pessoas ocupadas na Para\u00edba, 28,1% est\u00e3o empregadas sem carteira de trabalho assinada. Essa \u00e9 a quarta maior propor\u00e7\u00e3o do pa\u00eds, atr\u00e1s apenas do Tocantins, com 31,7%; do Cear\u00e1, com 29,5% e da Bahia, com 28,2%.<\/p>\n\n\n\n<p>Al\u00e9m disso, aproximadamente 23,1% do total est\u00e3o empregados com carteira assinada; 10,4% s\u00e3o militares ou funcion\u00e1rios p\u00fablicos estatut\u00e1rios; 29,7% trabalham por conta pr\u00f3pria e 3,1% s\u00e3o empregadores.<\/p>\n\n\n\n<p><strong>Mais de 50% da popula\u00e7\u00e3o de 25 anos ou mais n\u00e3o tem instru\u00e7\u00e3o ou tem apenas o ensino fundamental incompleto<\/strong><\/p>\n\n\n\n<p>Em rela\u00e7\u00e3o \u00e0 educa\u00e7\u00e3o, a S\u00edntese constatou que 53,9% da popula\u00e7\u00e3o de 25 anos ou mais de idade, na Para\u00edba, n\u00e3o tem instru\u00e7\u00e3o (14,2%) ou tem apenas o ensino fundamental incompleto (39,7%). Contudo, o percentual \u00e9 mais baixo do que o observado no in\u00edcio da s\u00e9rie, em 2016, que foi de 55,4%.<\/p>\n\n\n\n<p>J\u00e1 a propor\u00e7\u00e3o de pessoas nessa faixa et\u00e1ria com o ensino superior completo, de 12,3%, \u00e9 a terceira maior do Nordeste e est\u00e1 acima da m\u00e9dia da regi\u00e3o, de 11,3%. Com uma taxa de 13,6%, o estado de Pernambuco ocupa a primeira posi\u00e7\u00e3o, seguido pelo Rio Grande do Norte, com 13,5%. Apesar disso, todos est\u00e3o abaixo da m\u00e9dia nacional, de 16,5%.<\/p>\n\n\n\n<p>Na educa\u00e7\u00e3o b\u00e1sica, a rede p\u00fablica de ensino \u00e9 respons\u00e1vel por atender a maior parte da popula\u00e7\u00e3o. Conforme o levantamento, essa rede administrativa atende 64,7% dos alunos da educa\u00e7\u00e3o infantil, 77,3% do ensino fundamental e 87% do ensino m\u00e9dio. Entretanto, no ensino superior ocorre uma invers\u00e3o, com 57,4% dos estudantes concentrados na rede privada.<\/p>\n","protected":false},"excerpt":{"rendered":"<p>A Para\u00edba tem taxa de desocupa\u00e7\u00e3o de 10,3%, a menor do Nordeste, segundo dados da S\u00edntese de Indicadores Sociais (SIS), divulgada pelo IBGE nesta quarta-feira&hellip; <\/p>\n","protected":false},"author":1,"featured_media":96305,"comment_status":"closed","ping_status":"closed","sticky":false,"template":"","format":"standard","meta":{"sfsi_plus_gutenberg_text_before_share":"","sfsi_plus_gutenberg_show_text_before_share":"","sfsi_plus_gutenberg_icon_type":"","sfsi_plus_gutenberg_icon_alignemt":"","sfsi_plus_gutenburg_max_per_row":"","footnotes":""},"categories":[2],"tags":[],"class_list":["post-133034","post","type-post","status-publish","format-standard","has-post-thumbnail","hentry","category-geral"],"_links":{"self":[{"href":"https:\/\/www.caririemacao.com\/1\/wp-json\/wp\/v2\/posts\/133034","targetHints":{"allow":["GET"]}}],"collection":[{"href":"https:\/\/www.caririemacao.com\/1\/wp-json\/wp\/v2\/posts"}],"about":[{"href":"https:\/\/www.caririemacao.com\/1\/wp-json\/wp\/v2\/types\/post"}],"author":[{"embeddable":true,"href":"https:\/\/www.caririemacao.com\/1\/wp-json\/wp\/v2\/users\/1"}],"replies":[{"embeddable":true,"href":"https:\/\/www.caririemacao.com\/1\/wp-json\/wp\/v2\/comments?post=133034"}],"version-history":[{"count":1,"href":"https:\/\/www.caririemacao.com\/1\/wp-json\/wp\/v2\/posts\/133034\/revisions"}],"predecessor-version":[{"id":133036,"href":"https:\/\/www.caririemacao.com\/1\/wp-json\/wp\/v2\/posts\/133034\/revisions\/133036"}],"wp:featuredmedia":[{"embeddable":true,"href":"https:\/\/www.caririemacao.com\/1\/wp-json\/wp\/v2\/media\/96305"}],"wp:attachment":[{"href":"https:\/\/www.caririemacao.com\/1\/wp-json\/wp\/v2\/media?parent=133034"}],"wp:term":[{"taxonomy":"category","embeddable":true,"href":"https:\/\/www.caririemacao.com\/1\/wp-json\/wp\/v2\/categories?post=133034"},{"taxonomy":"post_tag","embeddable":true,"href":"https:\/\/www.caririemacao.com\/1\/wp-json\/wp\/v2\/tags?post=133034"}],"curies":[{"name":"wp","href":"https:\/\/api.w.org\/{rel}","templated":true}]}}