{"id":133042,"date":"2019-11-06T13:32:02","date_gmt":"2019-11-06T16:32:02","guid":{"rendered":"http:\/\/www.caririemacao.com\/1\/?p=133042"},"modified":"2019-11-06T13:32:02","modified_gmt":"2019-11-06T16:32:02","slug":"diminuir-municipios-so-vai-trazer-o-retrocesso-analisa-adriano-galdino-sobre-pec-proposta-por-bolsonaro","status":"publish","type":"post","link":"https:\/\/www.caririemacao.com\/1\/2019\/11\/06\/diminuir-municipios-so-vai-trazer-o-retrocesso-analisa-adriano-galdino-sobre-pec-proposta-por-bolsonaro\/","title":{"rendered":"\u2018Diminuir munic\u00edpios s\u00f3 vai trazer o retrocesso\u2019, analisa Adriano Galdino sobre PEC proposta por Bolsonaro"},"content":{"rendered":"\n<p>O presidente da Assembleia Legislativa da Para\u00edba, Adriano Galdino, considera como um retrocesso a PEC proposta pelo presidente Jair Bolsonaro e que poderia extinguir at\u00e9 68 munic\u00edpios da Para\u00edba. Em entrevista \u00e0 imprensa nesta quarta-feira (06), o deputado estadual ainda declarou que \u201cconsidero isso um atrevimento do presidente Bolsonaro de propor uma situa\u00e7\u00e3o dessas\u201d.<\/p>\n\n\n\n<p>\u201cDiminuir munic\u00edpios s\u00f3 vai trazer o retrocesso\u201d, considera Adriano Galdino. O presidente da Assembleia ainda conclamou por uma resposta em forma de protesto e disse que \u201cn\u00f3s precisamos nos unir para lutar contra essa medida em defesa do povo da Para\u00edba\u201d.<\/p>\n\n\n\n<p>Para Adriano Galdino, o presidente n\u00e3o entenderia como funciona a l\u00f3gica de uma cidade pequena por n\u00e3o vivenciar esta experi\u00eancia. \u201cEu sou de origem de cidade pequena, eu sei o quanto \u00e9 importante uma prefeitura. Eu sei o quanto \u00e9 importante termos uma educa\u00e7\u00e3o com qualidade no munic\u00edpio. Isso depende do munic\u00edpio, depende da luta das pessoas que moram naquele munic\u00edpio para uma sa\u00fade de qualidade\u201d, destacou.<\/p>\n","protected":false},"excerpt":{"rendered":"<p>O presidente da Assembleia Legislativa da Para\u00edba, Adriano Galdino, considera como um retrocesso a PEC proposta pelo presidente Jair Bolsonaro e que poderia extinguir at\u00e9&hellip; <\/p>\n","protected":false},"author":1,"featured_media":115077,"comment_status":"closed","ping_status":"closed","sticky":false,"template":"","format":"standard","meta":{"sfsi_plus_gutenberg_text_before_share":"","sfsi_plus_gutenberg_show_text_before_share":"","sfsi_plus_gutenberg_icon_type":"","sfsi_plus_gutenberg_icon_alignemt":"","sfsi_plus_gutenburg_max_per_row":"","footnotes":""},"categories":[11],"tags":[],"class_list":["post-133042","post","type-post","status-publish","format-standard","has-post-thumbnail","hentry","category-politica"],"_links":{"self":[{"href":"https:\/\/www.caririemacao.com\/1\/wp-json\/wp\/v2\/posts\/133042","targetHints":{"allow":["GET"]}}],"collection":[{"href":"https:\/\/www.caririemacao.com\/1\/wp-json\/wp\/v2\/posts"}],"about":[{"href":"https:\/\/www.caririemacao.com\/1\/wp-json\/wp\/v2\/types\/post"}],"author":[{"embeddable":true,"href":"https:\/\/www.caririemacao.com\/1\/wp-json\/wp\/v2\/users\/1"}],"replies":[{"embeddable":true,"href":"https:\/\/www.caririemacao.com\/1\/wp-json\/wp\/v2\/comments?post=133042"}],"version-history":[{"count":1,"href":"https:\/\/www.caririemacao.com\/1\/wp-json\/wp\/v2\/posts\/133042\/revisions"}],"predecessor-version":[{"id":133045,"href":"https:\/\/www.caririemacao.com\/1\/wp-json\/wp\/v2\/posts\/133042\/revisions\/133045"}],"wp:featuredmedia":[{"embeddable":true,"href":"https:\/\/www.caririemacao.com\/1\/wp-json\/wp\/v2\/media\/115077"}],"wp:attachment":[{"href":"https:\/\/www.caririemacao.com\/1\/wp-json\/wp\/v2\/media?parent=133042"}],"wp:term":[{"taxonomy":"category","embeddable":true,"href":"https:\/\/www.caririemacao.com\/1\/wp-json\/wp\/v2\/categories?post=133042"},{"taxonomy":"post_tag","embeddable":true,"href":"https:\/\/www.caririemacao.com\/1\/wp-json\/wp\/v2\/tags?post=133042"}],"curies":[{"name":"wp","href":"https:\/\/api.w.org\/{rel}","templated":true}]}}