{"id":133050,"date":"2019-11-06T13:37:48","date_gmt":"2019-11-06T16:37:48","guid":{"rendered":"http:\/\/www.caririemacao.com\/1\/?p=133050"},"modified":"2019-11-06T13:37:48","modified_gmt":"2019-11-06T16:37:48","slug":"governador-defende-ampliacao-de-investimentos-em-energias-alternativas-na-conferencia-brasileira-de-mudanca-do-clima","status":"publish","type":"post","link":"https:\/\/www.caririemacao.com\/1\/2019\/11\/06\/governador-defende-ampliacao-de-investimentos-em-energias-alternativas-na-conferencia-brasileira-de-mudanca-do-clima\/","title":{"rendered":"Governador defende amplia\u00e7\u00e3o de investimentos em energias alternativas na Confer\u00eancia Brasileira de Mudan\u00e7a do Clima"},"content":{"rendered":"\n<p>O governador Jo\u00e3o Azev\u00eado participou, nesta quarta-feira (6), em Recife, Capital de Pernambuco, da Confer\u00eancia Brasileira de Mudan\u00e7a do Clima (CBMC). O evento, que segue at\u00e9 a pr\u00f3xima sexta-feira (8), tem o objetivo de discutir e apresentar propostas de implementa\u00e7\u00e3o da NDC brasileira (Contribui\u00e7\u00e3o Nacionalmente Determinada), documento do Estado brasileiro que registra os principais compromissos e contribui\u00e7\u00f5es do pa\u00eds para o acordo clim\u00e1tico.&nbsp;<br><br>O encontro reuniu organiza\u00e7\u00f5es n\u00e3o governamentais e da sociedade civil, movimentos sociais, associa\u00e7\u00e3o de povos, comunidades tradicionais, governos, comunidade cient\u00edfica, institui\u00e7\u00f5es p\u00fablicas e empresas p\u00fablicas e privadas.&nbsp;<br><br>Na ocasi\u00e3o, tamb\u00e9m foi realizada a assinatura da Declara\u00e7\u00e3o de Recife, que prev\u00ea a implementa\u00e7\u00e3o de medidas de mitiga\u00e7\u00e3o \u00e0s mudan\u00e7as clim\u00e1ticas, por parte do poder p\u00fablico, e a redu\u00e7\u00e3o de emiss\u00e3o e o fim do desmatamento ilegal, por parte das empresas privadas; e feita a leitura da Carta dos \u00d3rg\u00e3os Estaduais de Meio Ambiente pelo Clima, que teve a ades\u00e3o de todos os Estados da federa\u00e7\u00e3o. O documento estabelece metas para adequa\u00e7\u00e3o de pol\u00edticas e planos de desenvolvimento e de amplia\u00e7\u00e3o da agenda clim\u00e1tica no Brasil.<br><br>Na oportunidade, o governador Jo\u00e3o Azev\u00eado defendeu a necessidade de investir em mecanismos sustent\u00e1veis e assegurar a preserva\u00e7\u00e3o do meio ambiente. \u201cExiste hoje o processo da gera\u00e7\u00e3o de energias alternativas, como a e\u00f3lica e solar, que pode minimizar o custo e permitir a mudan\u00e7a da matriz energ\u00e9tica do pr\u00f3prio Nordeste. S\u00e3o diversas as frentes que temos que pensar, levando em considera\u00e7\u00e3o, acima de tudo, a preserva\u00e7\u00e3o ambiental e \u00e9 poss\u00edvel fazer isso em fun\u00e7\u00e3o do que hoje, tecnologicamente, \u00e9 disponibilizado. A meta do carbono zero precisa ser buscada em todo o Brasil pelo potencial que o pa\u00eds tem, preservando o meio ambiente para termos um desenvolvimento sustent\u00e1vel\u201d, observou.&nbsp;<br><br>Ele tamb\u00e9m destacou o compromisso dos governadores do Nordeste, por meio do Cons\u00f3rcio Nordeste, com o meio ambiente. \u201cEsse \u00e9 um dos pontos priorit\u00e1rios e ser\u00e1 defendido pelos governadores da regi\u00e3o por ser uma quest\u00e3o importante para o Brasil. Quando temos um desastre terr\u00edvel como o que atingiu as praias do Nordeste sabemos da consequ\u00eancia disso para a economia nacional e esse \u00e9 um problema muito s\u00e9rio que precisa ser tratado de uma maneira mais objetiva do que a presenciada at\u00e9 agora\u201d, pontuou.&nbsp;<br><br>A CBMC visa demonstrar que a sociedade e o setor produtivo brasileiro mant\u00eam-se firmes no Acordo de Paris e que o protagonismo na agenda de clima, florestas e desenvolvimento sustent\u00e1vel e a governan\u00e7a clim\u00e1tica s\u00e3o grandes oportunidade para o Brasil; promover compromissos empresariais e prioridades para a agenda de clima, florestas e desenvolvimento sustent\u00e1vel; e apresentar experi\u00eancias, neg\u00f3cios, solu\u00e7\u00f5es, tecnologias e pol\u00edticas brasileiras que valorizam, integram e fazem progredir os resultados da governan\u00e7a clim\u00e1tica.<br><br>Os governadores Paulo C\u00e2mara (Pernambuco); F\u00e1tima Bezerra (Rio Grande do Norte); Renan Filho (Alagoas); Wellington Dias (Piau\u00ed); e Belivaldo Chagas (Sergipe); al\u00e9m de Jo\u00e3o Le\u00e3o (governador em exerc\u00edcio da Bahia), Carlos Brand\u00e3o J\u00fanior (vice-governador do Maranh\u00e3o), e Geraldo J\u00falio (prefeito de Recife) marcaram presen\u00e7a na Confer\u00eancia.&nbsp;<br><br>Os secret\u00e1rios Gilmar Martins (Planejamento, Or\u00e7amento e Gest\u00e3o) e Deusdete Queiroga (Infraestrutura, dos Recursos H\u00eddricos e do Meio Ambiente); o presidente da Companhia de \u00c1guas e Esgoto da Para\u00edba (Cagepa), Marcos Vin\u00edcius; e o chefe de Gabinete do governador, Ronaldo Guerra, tamb\u00e9m prestigiaram o evento.<\/p>\n","protected":false},"excerpt":{"rendered":"<p>O governador Jo\u00e3o Azev\u00eado participou, nesta quarta-feira (6), em Recife, Capital de Pernambuco, da Confer\u00eancia Brasileira de Mudan\u00e7a do Clima (CBMC). O evento, que segue&hellip; <\/p>\n","protected":false},"author":1,"featured_media":133052,"comment_status":"closed","ping_status":"closed","sticky":false,"template":"","format":"standard","meta":{"sfsi_plus_gutenberg_text_before_share":"","sfsi_plus_gutenberg_show_text_before_share":"","sfsi_plus_gutenberg_icon_type":"","sfsi_plus_gutenberg_icon_alignemt":"","sfsi_plus_gutenburg_max_per_row":"","footnotes":""},"categories":[11],"tags":[],"class_list":["post-133050","post","type-post","status-publish","format-standard","has-post-thumbnail","hentry","category-politica"],"_links":{"self":[{"href":"https:\/\/www.caririemacao.com\/1\/wp-json\/wp\/v2\/posts\/133050","targetHints":{"allow":["GET"]}}],"collection":[{"href":"https:\/\/www.caririemacao.com\/1\/wp-json\/wp\/v2\/posts"}],"about":[{"href":"https:\/\/www.caririemacao.com\/1\/wp-json\/wp\/v2\/types\/post"}],"author":[{"embeddable":true,"href":"https:\/\/www.caririemacao.com\/1\/wp-json\/wp\/v2\/users\/1"}],"replies":[{"embeddable":true,"href":"https:\/\/www.caririemacao.com\/1\/wp-json\/wp\/v2\/comments?post=133050"}],"version-history":[{"count":1,"href":"https:\/\/www.caririemacao.com\/1\/wp-json\/wp\/v2\/posts\/133050\/revisions"}],"predecessor-version":[{"id":133053,"href":"https:\/\/www.caririemacao.com\/1\/wp-json\/wp\/v2\/posts\/133050\/revisions\/133053"}],"wp:featuredmedia":[{"embeddable":true,"href":"https:\/\/www.caririemacao.com\/1\/wp-json\/wp\/v2\/media\/133052"}],"wp:attachment":[{"href":"https:\/\/www.caririemacao.com\/1\/wp-json\/wp\/v2\/media?parent=133050"}],"wp:term":[{"taxonomy":"category","embeddable":true,"href":"https:\/\/www.caririemacao.com\/1\/wp-json\/wp\/v2\/categories?post=133050"},{"taxonomy":"post_tag","embeddable":true,"href":"https:\/\/www.caririemacao.com\/1\/wp-json\/wp\/v2\/tags?post=133050"}],"curies":[{"name":"wp","href":"https:\/\/api.w.org\/{rel}","templated":true}]}}