{"id":133059,"date":"2019-11-06T13:41:35","date_gmt":"2019-11-06T16:41:35","guid":{"rendered":"http:\/\/www.caririemacao.com\/1\/?p=133059"},"modified":"2019-11-06T13:41:35","modified_gmt":"2019-11-06T16:41:35","slug":"usuario-podera-escolher-se-quer-adicionado-em-grupo-de-whatsapp","status":"publish","type":"post","link":"https:\/\/www.caririemacao.com\/1\/2019\/11\/06\/usuario-podera-escolher-se-quer-adicionado-em-grupo-de-whatsapp\/","title":{"rendered":"Usu\u00e1rio poder\u00e1 escolher se quer adicionado em grupo de WhatsApp"},"content":{"rendered":"\n<p>O WhatsApp divulgou nesta quarta-feira (6) uma nova configura\u00e7\u00e3o de privacidade que permite ao usu\u00e1rio evitar que desconhecidos o adicionem em grupos de conversa.<\/p>\n\n\n\n<p>O recurso era testado na \u00cdndia desde abril. Agora, come\u00e7a a funcionar gradualmente em todos os pa\u00edses onde o aplicativo opera. Era uma demanda especial para o Brasil, onde a inclus\u00e3o de integrantes em grupos sem permiss\u00e3o virou uma pr\u00e1tica comum na \u00e9poca das elei\u00e7\u00f5es.<\/p>\n\n\n\n<p>O controle tamb\u00e9m deve minimizar o efeito de conte\u00fados virais disseminados em grupos.<\/p>\n\n\n\n<p>Para ativar o recurso, o usu\u00e1rio deve abrir o WhatsApp e fazer o seguinte caminho: configura\u00e7\u00f5es, conta, privacidade e grupos. Na \u00faltima op\u00e7\u00e3o, decide quem tem permiss\u00e3o para adicion\u00e1-lo em grupos: todas as pessoas, apenas seus contatos ou apenas alguns de seus contatos.<\/p>\n\n\n\n<p>Administradores de grupos que n\u00e3o puderem incluir uma pessoa que tenha ativado o controle poder\u00e3o enviar um convite privado via conversa individual para o usu\u00e1rio, que escolhe se deseja entrar no grupo. Ele ter\u00e1 tr\u00eas dias para aceitar o convite antes que expire, segundo a empresa.<\/p>\n\n\n\n<p>A fun\u00e7\u00e3o ainda n\u00e3o est\u00e1 dispon\u00edvel a todos os usu\u00e1rios, mas isso deve ocorrer nos pr\u00f3ximos dias, de acordo com o WhatsApp. \u00c9 preciso estar com o aplicativo atualizado na \u00faltima vers\u00e3o.<\/p>\n\n\n\n<p>A medida segue outras mudan\u00e7as que tentam tornar o aplicativo, que pertence ao Facebook, um pouco mais privativo, como a redu\u00e7\u00e3o do limite de encaminhamentos de mensagens, de 20 para cinco, e o selo que aparece quando uma mensagem \u00e9 encaminhada a partir de outra conversa no mensageiro.<\/p>\n","protected":false},"excerpt":{"rendered":"<p>O WhatsApp divulgou nesta quarta-feira (6) uma nova configura\u00e7\u00e3o de privacidade que permite ao usu\u00e1rio evitar que desconhecidos o adicionem em grupos de conversa. O&hellip; <\/p>\n","protected":false},"author":1,"featured_media":126813,"comment_status":"closed","ping_status":"closed","sticky":false,"template":"","format":"standard","meta":{"sfsi_plus_gutenberg_text_before_share":"","sfsi_plus_gutenberg_show_text_before_share":"","sfsi_plus_gutenberg_icon_type":"","sfsi_plus_gutenberg_icon_alignemt":"","sfsi_plus_gutenburg_max_per_row":"","footnotes":""},"categories":[2],"tags":[],"class_list":["post-133059","post","type-post","status-publish","format-standard","has-post-thumbnail","hentry","category-geral"],"_links":{"self":[{"href":"https:\/\/www.caririemacao.com\/1\/wp-json\/wp\/v2\/posts\/133059","targetHints":{"allow":["GET"]}}],"collection":[{"href":"https:\/\/www.caririemacao.com\/1\/wp-json\/wp\/v2\/posts"}],"about":[{"href":"https:\/\/www.caririemacao.com\/1\/wp-json\/wp\/v2\/types\/post"}],"author":[{"embeddable":true,"href":"https:\/\/www.caririemacao.com\/1\/wp-json\/wp\/v2\/users\/1"}],"replies":[{"embeddable":true,"href":"https:\/\/www.caririemacao.com\/1\/wp-json\/wp\/v2\/comments?post=133059"}],"version-history":[{"count":1,"href":"https:\/\/www.caririemacao.com\/1\/wp-json\/wp\/v2\/posts\/133059\/revisions"}],"predecessor-version":[{"id":133062,"href":"https:\/\/www.caririemacao.com\/1\/wp-json\/wp\/v2\/posts\/133059\/revisions\/133062"}],"wp:featuredmedia":[{"embeddable":true,"href":"https:\/\/www.caririemacao.com\/1\/wp-json\/wp\/v2\/media\/126813"}],"wp:attachment":[{"href":"https:\/\/www.caririemacao.com\/1\/wp-json\/wp\/v2\/media?parent=133059"}],"wp:term":[{"taxonomy":"category","embeddable":true,"href":"https:\/\/www.caririemacao.com\/1\/wp-json\/wp\/v2\/categories?post=133059"},{"taxonomy":"post_tag","embeddable":true,"href":"https:\/\/www.caririemacao.com\/1\/wp-json\/wp\/v2\/tags?post=133059"}],"curies":[{"name":"wp","href":"https:\/\/api.w.org\/{rel}","templated":true}]}}