{"id":133067,"date":"2019-11-06T13:44:43","date_gmt":"2019-11-06T16:44:43","guid":{"rendered":"http:\/\/www.caririemacao.com\/1\/?p=133067"},"modified":"2019-11-06T13:44:43","modified_gmt":"2019-11-06T16:44:43","slug":"extrema-pobreza-e-desigualdade-no-brasil-crescem-ha-4-anos","status":"publish","type":"post","link":"https:\/\/www.caririemacao.com\/1\/2019\/11\/06\/extrema-pobreza-e-desigualdade-no-brasil-crescem-ha-4-anos\/","title":{"rendered":"Extrema pobreza e desigualdade no Brasil crescem h\u00e1 4 anos"},"content":{"rendered":"\n<p><br>Aleve recupera\u00e7\u00e3o econ\u00f4mica observada nos \u00faltimos dois anos no Brasil n\u00e3o se refletiu de forma igual entre os diversos segmentos sociais. Enquanto o Produto Interno Bruto (PIB \u2013 a soma de todas as riquezas produzidas no pa\u00eds) cresceu 1,1% em 2017 e 2018, ap\u00f3s as quedas de 3,5% em 2015 e 3,3% em 2016, o rendimento dos 10% mais ricos da popula\u00e7\u00e3o subiu 4,1% em 2018 e o rendimento dos 40% mais pobres caiu 0,8%, na compara\u00e7\u00e3o com 2017.<\/p>\n\n\n\n<p>Com isso, o \u00edndice que mede a raz\u00e3o entre os 10% que ganham mais e os 40% que ganham menos, que vinha caindo at\u00e9 2015, quando atingiu 12, voltou a crescer e chegou a 13 em 2018. Ou seja, os 10% da popula\u00e7\u00e3o com os maiores rendimentos ganham, em m\u00e9dia, 13 vezes mais do que os 40% da popula\u00e7\u00e3o com os menores rendimentos.<\/p>\n\n\n\n<p>\u00c9 o que mostra a pesquisa S\u00edntese de Indicadores Sociais (SIS) 2019, divulgada hoje (6), no Rio de Janeiro, pelo Instituto Brasileiro de Geografia e Estat\u00edstica (IBGE). O estudo analisa as condi\u00e7\u00f5es de vida da popula\u00e7\u00e3o brasileira.<\/p>\n\n\n\n<figure class=\"wp-block-image\"><img decoding=\"async\" data-src=\"https:\/\/paraibaonline.com.br\/wp-content\/uploads\/2019\/11\/infraestrutura-pobreza0611.jpg\" alt=\"Foto: Ag\u00eancia Brasil\" class=\"wp-image-817458 lazyload\" src=\"data:image\/svg+xml;base64,PHN2ZyB3aWR0aD0iMSIgaGVpZ2h0PSIxIiB4bWxucz0iaHR0cDovL3d3dy53My5vcmcvMjAwMC9zdmciPjwvc3ZnPg==\" \/><\/figure>\n\n\n\n<p>Foto: Ag\u00eancia Brasil<\/p>\n\n\n\n<p>O levantamento come\u00e7ou a ser feito em 1999, com dados da Pesquisa Nacional por Amostra de Domic\u00edlio (Pnad), e, desde 2012, passou a utilizar os dados da Pnad Cont\u00ednua, ou seja, uma nova metodologia e, portanto, uma nova s\u00e9rie hist\u00f3rica. Os dados divulgados hoje s\u00e3o referentes a 2018 e utilizam tamb\u00e9m outras informa\u00e7\u00f5es, como a Pesquisa de Informa\u00e7\u00f5es B\u00e1sicas Municipais (Munic) e o Sistema de Contas Nacionais.<\/p>\n\n\n\n<p><strong>Desigualdade<\/strong><\/p>\n\n\n\n<p>Segundo o IBGE, o aumento da desigualdade \u00e9 reflexo da falta de ganho real no sal\u00e1rio m\u00ednimo ocorrida em 2018,&nbsp;al\u00e9m da informalidade e da subutiliza\u00e7\u00e3o no mercado de trabalho, que atingem n\u00edveis recordes atualmente, com 41,4% das pessoas ocupadas nessa condi\u00e7\u00e3o, de acordo com o gerente dos Indicadores Sociais do IBGE, Andr\u00e9 Sim\u00f5es.<\/p>\n\n\n\n<div class=\"wp-block-image\"><figure class=\"aligncenter\"><img decoding=\"async\" data-src=\"https:\/\/paraibaonline.com.br\/wp-content\/uploads\/2019\/11\/tabela-renda0611.jpg\" alt=\"\" class=\"wp-image-817463 lazyload\" src=\"data:image\/svg+xml;base64,PHN2ZyB3aWR0aD0iMSIgaGVpZ2h0PSIxIiB4bWxucz0iaHR0cDovL3d3dy53My5vcmcvMjAwMC9zdmciPjwvc3ZnPg==\" \/><\/figure><\/div>\n\n\n\n<p>\u201cNo mercado de trabalho, o que n\u00f3s observamos \u00e9 uma pequena redu\u00e7\u00e3o na taxa de desocupa\u00e7\u00e3o entre 2017 e 2018, juntamente com isso um pequeno aumento do rendimento do trabalho tamb\u00e9m. Apesar disso, vemos um aumento da subutiliza\u00e7\u00e3o da for\u00e7a de trabalho, encampado pelo aumento da propor\u00e7\u00e3o de pessoas com insufici\u00eancia de horas trabalhadas\u201d disse. A subutiliza\u00e7\u00e3o passou de 15,8% em 2015 para 24,6% em 2018.<\/p>\n\n\n\n<p>O \u00cdndice de Gini, um padr\u00e3o cl\u00e1ssico para medir desigualdade, vem subindo h\u00e1 quatro anos no Brasil. Em 2015, atingiu o m\u00ednimo da s\u00e9rie hist\u00f3rica, com 0,524 e chegou a 0,545 em 2018. Quanto mais pr\u00f3ximo de zero, mais igualit\u00e1ria \u00e9 a sociedade.<\/p>\n\n\n\n<p><strong>Extrema pobreza<\/strong><\/p>\n\n\n\n<p>No indicador da pobreza monet\u00e1ria, ou seja, que leva em conta apenas a renda, o Brasil tamb\u00e9m tem apresentado piora nos \u00faltimos quatro anos. Ao todo,&nbsp; 13,5 milh\u00f5es de pessoas no Brasil viviam em 2018 com at\u00e9 R$ 145 por m\u00eas, o que corresponde a 6,5% da popula\u00e7\u00e3o, ap\u00f3s a m\u00ednima de 4,5% em 2014.<\/p>\n\n\n\n<p>O IBGE destaca que no Brasil h\u00e1 mais pessoas em situa\u00e7\u00e3o de pobreza extrema do que toda a popula\u00e7\u00e3o de pa\u00edses como Bol\u00edvia, B\u00e9lgica, Gr\u00e9cia e Portugal. Desse total, 72,7% s\u00e3o pretas ou pardas.<\/p>\n\n\n\n<p>Na faixa da pobreza, considerando o rendimento per capita de at\u00e9 R$ 420 por m\u00eas, houve uma leve redu\u00e7\u00e3o, passando de 26% em 2017 para 25,3% em 2018, com&nbsp; 52,5 milh\u00f5es de pessoas. Ou seja, 1,1 milh\u00e3o de pessoas deixaram essa condi\u00e7\u00e3o na compara\u00e7\u00e3o anual.<\/p>\n\n\n\n<p>O m\u00ednimo foi alcan\u00e7ado em 2014, com 22,8%. Por estado, o Maranh\u00e3o tem a maior propor\u00e7\u00e3o de pobres, com 53% da popula\u00e7\u00e3o nesta condi\u00e7\u00e3o, enquanto Santa Catarina tem a menor propor\u00e7\u00e3o, com 8%.<\/p>\n\n\n\n<p><strong>Redu\u00e7\u00e3o da pobreza<\/strong><\/p>\n\n\n\n<p>Andr\u00e9 Sim\u00f5es explicou que o ingresso no mercado de trabalho \u00e9 o principal meio de redu\u00e7\u00e3o de pobreza. Por\u00e9m, como os dados indicam que a faixa dos maiores rendimentos apresenta crescimento de renda enquanto os menores rendimentos est\u00e3o estagnados ou com perdas, ele destacou a necessidade de outras medidas para reduzir as desigualdades sociais.<\/p>\n\n\n\n<p>\u201cComo \u00e9 um grupo muito vulner\u00e1vel e n\u00e3o est\u00e1 com uma propens\u00e3o t\u00e3o grande de entrar no mercado de trabalho quanto os outros grupos sociais, com rendimentos mais elevados, necessita de cuidados maiores, como pol\u00edticas p\u00fablicas, pol\u00edticas de transfer\u00eancia de renda, pol\u00edticas de dinamiza\u00e7\u00e3o do mercado de trabalho para que elas possam ter acesso a uma renda que as tire dessa situa\u00e7\u00e3o de pobreza\u201d, ponderou.<\/p>\n\n\n\n<p>O IBGE tamb\u00e9m analisou as condi\u00e7\u00f5es da moradia e constatou que, no total do pa\u00eds, 12,8% das pessoas moram em domic\u00edlios com pelo menos uma inadequa\u00e7\u00e3o, que s\u00e3o a aus\u00eancia de banheiro exclusivo, paredes feitas com material n\u00e3o dur\u00e1vel, adensamento excessivo ou \u00f4nus muito alto com o aluguel. Na popula\u00e7\u00e3o que vive com at\u00e9 R$ 420 mensais, a propor\u00e7\u00e3o sobe para 29,3%.<\/p>\n\n\n\n<p>Quanto \u00e0 aus\u00eancia de servi\u00e7os de saneamento, que s\u00e3o a coleta de lixo, o abastecimento de \u00e1gua e o esgotamento sanit\u00e1rio, 58% dos pobres vivem com pelo menos uma dessas situa\u00e7\u00f5es, enquanto a propor\u00e7\u00e3o geral \u00e9 de 37,2%.<\/p>\n","protected":false},"excerpt":{"rendered":"<p>Aleve recupera\u00e7\u00e3o econ\u00f4mica observada nos \u00faltimos dois anos no Brasil n\u00e3o se refletiu de forma igual entre os diversos segmentos sociais. Enquanto o Produto Interno&hellip; <\/p>\n","protected":false},"author":1,"featured_media":75681,"comment_status":"closed","ping_status":"closed","sticky":false,"template":"","format":"standard","meta":{"sfsi_plus_gutenberg_text_before_share":"","sfsi_plus_gutenberg_show_text_before_share":"","sfsi_plus_gutenberg_icon_type":"","sfsi_plus_gutenberg_icon_alignemt":"","sfsi_plus_gutenburg_max_per_row":"","footnotes":""},"categories":[2],"tags":[],"class_list":["post-133067","post","type-post","status-publish","format-standard","has-post-thumbnail","hentry","category-geral"],"_links":{"self":[{"href":"https:\/\/www.caririemacao.com\/1\/wp-json\/wp\/v2\/posts\/133067","targetHints":{"allow":["GET"]}}],"collection":[{"href":"https:\/\/www.caririemacao.com\/1\/wp-json\/wp\/v2\/posts"}],"about":[{"href":"https:\/\/www.caririemacao.com\/1\/wp-json\/wp\/v2\/types\/post"}],"author":[{"embeddable":true,"href":"https:\/\/www.caririemacao.com\/1\/wp-json\/wp\/v2\/users\/1"}],"replies":[{"embeddable":true,"href":"https:\/\/www.caririemacao.com\/1\/wp-json\/wp\/v2\/comments?post=133067"}],"version-history":[{"count":1,"href":"https:\/\/www.caririemacao.com\/1\/wp-json\/wp\/v2\/posts\/133067\/revisions"}],"predecessor-version":[{"id":133071,"href":"https:\/\/www.caririemacao.com\/1\/wp-json\/wp\/v2\/posts\/133067\/revisions\/133071"}],"wp:featuredmedia":[{"embeddable":true,"href":"https:\/\/www.caririemacao.com\/1\/wp-json\/wp\/v2\/media\/75681"}],"wp:attachment":[{"href":"https:\/\/www.caririemacao.com\/1\/wp-json\/wp\/v2\/media?parent=133067"}],"wp:term":[{"taxonomy":"category","embeddable":true,"href":"https:\/\/www.caririemacao.com\/1\/wp-json\/wp\/v2\/categories?post=133067"},{"taxonomy":"post_tag","embeddable":true,"href":"https:\/\/www.caririemacao.com\/1\/wp-json\/wp\/v2\/tags?post=133067"}],"curies":[{"name":"wp","href":"https:\/\/api.w.org\/{rel}","templated":true}]}}