{"id":133076,"date":"2019-11-06T13:47:18","date_gmt":"2019-11-06T16:47:18","guid":{"rendered":"http:\/\/www.caririemacao.com\/1\/?p=133076"},"modified":"2019-11-06T13:47:18","modified_gmt":"2019-11-06T16:47:18","slug":"paraiba-ganha-destaque-pelo-aumento-nas-doacoes-de-orgaos-e-transplantes","status":"publish","type":"post","link":"https:\/\/www.caririemacao.com\/1\/2019\/11\/06\/paraiba-ganha-destaque-pelo-aumento-nas-doacoes-de-orgaos-e-transplantes\/","title":{"rendered":"Para\u00edba ganha destaque pelo aumento nas doa\u00e7\u00f5es de \u00f3rg\u00e3os e transplantes"},"content":{"rendered":"\n<p>A C\u00e2mara Municipal de Campina Grande realizou nesta ter\u00e7a-feira (5) uma audi\u00eancia p\u00fablica para discutir a pol\u00edtica de doa\u00e7\u00e3o de \u00f3rg\u00e3os e tecidos na Para\u00edba.<\/p>\n\n\n\n<p>Al\u00e9m disso, foi discutido o trabalho a ser realizado pela Frente Parlamentar Permanente da Doa\u00e7\u00e3o de \u00d3rg\u00e3os e Tecidos.<\/p>\n\n\n\n<p>Durante entrevista concedida a uma emissora de r\u00e1dio local, o secret\u00e1rio de Sa\u00fade da Para\u00edba, Geraldo Medeiros, destacou que a Para\u00edba ganhou destaque pelo aumento nas doa\u00e7\u00f5es de \u00f3rg\u00e3os e transplantes.<\/p>\n\n\n\n<p>\u2013 A audi\u00eancia p\u00fablica na C\u00e2mara Municipal&nbsp; foi no sentido de estimular a sociedade de Campina Grande na doa\u00e7\u00e3o de \u00f3rg\u00e3os, que t\u00ednhamos um \u00edndice baix\u00edssimo na Para\u00edba. Quando assumimos, em 29 de abril, havia um desempenho muito ruim na Para\u00edba em rela\u00e7\u00e3o \u00e0 doa\u00e7\u00e3o de \u00f3rg\u00e3os, como no n\u00famero de transplantes. Ap\u00f3s medidas administrativas, observamos um aumento acentuado que fez com que a Para\u00edba hoje fosse citada, inclusive, no evento em Campinas como estado que mais cresceu em n\u00famero de doa\u00e7\u00e3o de \u00f3rg\u00e3os e transplantes no pa\u00eds \u2013 concluiu.<\/p>\n","protected":false},"excerpt":{"rendered":"<p>A C\u00e2mara Municipal de Campina Grande realizou nesta ter\u00e7a-feira (5) uma audi\u00eancia p\u00fablica para discutir a pol\u00edtica de doa\u00e7\u00e3o de \u00f3rg\u00e3os e tecidos na Para\u00edba.&hellip; <\/p>\n","protected":false},"author":1,"featured_media":133078,"comment_status":"closed","ping_status":"closed","sticky":false,"template":"","format":"standard","meta":{"sfsi_plus_gutenberg_text_before_share":"","sfsi_plus_gutenberg_show_text_before_share":"","sfsi_plus_gutenberg_icon_type":"","sfsi_plus_gutenberg_icon_alignemt":"","sfsi_plus_gutenburg_max_per_row":"","footnotes":""},"categories":[16],"tags":[],"class_list":["post-133076","post","type-post","status-publish","format-standard","has-post-thumbnail","hentry","category-saude"],"_links":{"self":[{"href":"https:\/\/www.caririemacao.com\/1\/wp-json\/wp\/v2\/posts\/133076","targetHints":{"allow":["GET"]}}],"collection":[{"href":"https:\/\/www.caririemacao.com\/1\/wp-json\/wp\/v2\/posts"}],"about":[{"href":"https:\/\/www.caririemacao.com\/1\/wp-json\/wp\/v2\/types\/post"}],"author":[{"embeddable":true,"href":"https:\/\/www.caririemacao.com\/1\/wp-json\/wp\/v2\/users\/1"}],"replies":[{"embeddable":true,"href":"https:\/\/www.caririemacao.com\/1\/wp-json\/wp\/v2\/comments?post=133076"}],"version-history":[{"count":1,"href":"https:\/\/www.caririemacao.com\/1\/wp-json\/wp\/v2\/posts\/133076\/revisions"}],"predecessor-version":[{"id":133079,"href":"https:\/\/www.caririemacao.com\/1\/wp-json\/wp\/v2\/posts\/133076\/revisions\/133079"}],"wp:featuredmedia":[{"embeddable":true,"href":"https:\/\/www.caririemacao.com\/1\/wp-json\/wp\/v2\/media\/133078"}],"wp:attachment":[{"href":"https:\/\/www.caririemacao.com\/1\/wp-json\/wp\/v2\/media?parent=133076"}],"wp:term":[{"taxonomy":"category","embeddable":true,"href":"https:\/\/www.caririemacao.com\/1\/wp-json\/wp\/v2\/categories?post=133076"},{"taxonomy":"post_tag","embeddable":true,"href":"https:\/\/www.caririemacao.com\/1\/wp-json\/wp\/v2\/tags?post=133076"}],"curies":[{"name":"wp","href":"https:\/\/api.w.org\/{rel}","templated":true}]}}