{"id":133081,"date":"2019-11-06T13:54:40","date_gmt":"2019-11-06T16:54:40","guid":{"rendered":"http:\/\/www.caririemacao.com\/1\/?p=133081"},"modified":"2019-11-06T13:54:40","modified_gmt":"2019-11-06T16:54:40","slug":"acude-de-sume-esta-com-menos-3-de-sua-capacidade-e-preocupa-populacao","status":"publish","type":"post","link":"https:\/\/www.caririemacao.com\/1\/2019\/11\/06\/acude-de-sume-esta-com-menos-3-de-sua-capacidade-e-preocupa-populacao\/","title":{"rendered":"A\u00e7ude de Sum\u00e9 est\u00e1 com menos 3% de sua capacidade e preocupa popula\u00e7\u00e3o"},"content":{"rendered":"\n<p>Com capacidade de&nbsp;44.864.100,00 metros c\u00fabicos, o a\u00e7ude da cidade de Sum\u00e9, no Cariri, respons\u00e1vel pelo abastecimento do munic\u00edpio, est\u00e1 com apenas 2.84% de sua capacidade e tem preocupado \u00e0 popula\u00e7\u00e3o.<\/p>\n\n\n\n<p>O prefeito de Sum\u00e9, \u00c9den Duarte, em contato com o Blog do Bruno Lira expressou que est\u00e1 preocupado com a situa\u00e7\u00e3o do baixo n\u00edvel do manancial e a paralisa\u00e7\u00e3o do bombeamento da Transposi\u00e7\u00e3o do Rio do Francisco, que seria uma alternativa para atender o munic\u00edpio: \u201cParticipamos do evento SOS Transposi\u00e7\u00e3o para cobrar o retorno do bombeamento e at\u00e9 agora nada nada foi feito\u201d, disse \u00c9den.<\/p>\n\n\n\n<p>De acordo com Andr\u00e9 Lima, coordenador regional da Cagepa, na microrregi\u00e3o do Cariri, a \u00e1gua armazenada no A\u00e7ude de Sum\u00e9, garante o abastecimento por cinco ou seis meses. Andr\u00e9 tamb\u00e9m afirmou que a Cagepa vai fazer uma avalia\u00e7\u00e3o se \u00e9 necess\u00e1rio retirar \u00e1gua do A\u00e7ude do Congo para levar at\u00e9 Sum\u00e9.<\/p>\n\n\n\n<p>Sum\u00e9 \u00e9 uma das maiores cidades do Cariri, com uma popula\u00e7\u00e3o de 16.957 mil habitantes.<\/p>\n\n\n\n<p><strong>Blog do Bruno Lira<\/strong><\/p>\n","protected":false},"excerpt":{"rendered":"<p>Com capacidade de&nbsp;44.864.100,00 metros c\u00fabicos, o a\u00e7ude da cidade de Sum\u00e9, no Cariri, respons\u00e1vel pelo abastecimento do munic\u00edpio, est\u00e1 com apenas 2.84% de sua capacidade&hellip; <\/p>\n","protected":false},"author":1,"featured_media":133084,"comment_status":"closed","ping_status":"closed","sticky":false,"template":"","format":"standard","meta":{"sfsi_plus_gutenberg_text_before_share":"","sfsi_plus_gutenberg_show_text_before_share":"","sfsi_plus_gutenberg_icon_type":"","sfsi_plus_gutenberg_icon_alignemt":"","sfsi_plus_gutenburg_max_per_row":"","footnotes":""},"categories":[6,50],"tags":[],"class_list":["post-133081","post","type-post","status-publish","format-standard","has-post-thumbnail","hentry","category-cidades","category-destaque"],"_links":{"self":[{"href":"https:\/\/www.caririemacao.com\/1\/wp-json\/wp\/v2\/posts\/133081","targetHints":{"allow":["GET"]}}],"collection":[{"href":"https:\/\/www.caririemacao.com\/1\/wp-json\/wp\/v2\/posts"}],"about":[{"href":"https:\/\/www.caririemacao.com\/1\/wp-json\/wp\/v2\/types\/post"}],"author":[{"embeddable":true,"href":"https:\/\/www.caririemacao.com\/1\/wp-json\/wp\/v2\/users\/1"}],"replies":[{"embeddable":true,"href":"https:\/\/www.caririemacao.com\/1\/wp-json\/wp\/v2\/comments?post=133081"}],"version-history":[{"count":1,"href":"https:\/\/www.caririemacao.com\/1\/wp-json\/wp\/v2\/posts\/133081\/revisions"}],"predecessor-version":[{"id":133085,"href":"https:\/\/www.caririemacao.com\/1\/wp-json\/wp\/v2\/posts\/133081\/revisions\/133085"}],"wp:featuredmedia":[{"embeddable":true,"href":"https:\/\/www.caririemacao.com\/1\/wp-json\/wp\/v2\/media\/133084"}],"wp:attachment":[{"href":"https:\/\/www.caririemacao.com\/1\/wp-json\/wp\/v2\/media?parent=133081"}],"wp:term":[{"taxonomy":"category","embeddable":true,"href":"https:\/\/www.caririemacao.com\/1\/wp-json\/wp\/v2\/categories?post=133081"},{"taxonomy":"post_tag","embeddable":true,"href":"https:\/\/www.caririemacao.com\/1\/wp-json\/wp\/v2\/tags?post=133081"}],"curies":[{"name":"wp","href":"https:\/\/api.w.org\/{rel}","templated":true}]}}