{"id":133108,"date":"2019-11-06T15:33:06","date_gmt":"2019-11-06T18:33:06","guid":{"rendered":"http:\/\/www.caririemacao.com\/1\/?p=133108"},"modified":"2019-11-06T15:33:06","modified_gmt":"2019-11-06T18:33:06","slug":"bolsonaro-diz-que-reducao-de-municipios-corrige-abuso-do-passado","status":"publish","type":"post","link":"https:\/\/www.caririemacao.com\/1\/2019\/11\/06\/bolsonaro-diz-que-reducao-de-municipios-corrige-abuso-do-passado\/","title":{"rendered":"Bolsonaro diz que redu\u00e7\u00e3o de munic\u00edpios corrige abuso do passado"},"content":{"rendered":"\n<p>O presidente Jair Bolsonaro saiu em defesa, nesta quarta-feira (6), da redu\u00e7\u00e3o do n\u00famero de munic\u00edpios pequenos no pa\u00eds e ressaltou que a proposta do governo corrige um abuso do passado, j\u00e1 que h\u00e1 unidades federativas que n\u00e3o t\u00eam autonomia financeira.<br><\/p>\n\n\n\n<p>Na sa\u00edda do Pal\u00e1cio do Alvorada, onde conversou com um grupo de simpatizantes, ele ressaltou que muitas das pequenas cidades s\u00f3 sobrevivem no pa\u00eds gra\u00e7as a transfer\u00eancias do FPM (Fundo de Participa\u00e7\u00e3o dos Munic\u00edpios).<\/p>\n\n\n\n<p>Na ter\u00e7a-feira (5), o presidente apresentou PEC (proposta de emenda \u00e0 Constitui\u00e7\u00e3o) que institui uma nova regra para a fus\u00e3o de munic\u00edpios. A proposta prev\u00ea que cidades com menos de 5.000 habitantes e arrecada\u00e7\u00e3o pr\u00f3pria menor que 10% da receita total ser\u00e3o incorporadas pelo munic\u00edpio vizinho.<\/p>\n\n\n\n<p>&#8220;Abusaram no passado. Tem munic\u00edpio que vive gra\u00e7as ao Fundo de Participa\u00e7\u00e3o dos Munic\u00edpios, n\u00e3o tem renda, n\u00e3o tem nada&#8221;, afirmou. &#8220;A popula\u00e7\u00e3o vai ter que concordar com isso a\u00ed, ningu\u00e9m vai impor nada n\u00e3o&#8221;, acrescentou, em uma refer\u00eancia \u00e0 necessidade da proposta ser aprovada pelo Poder Legislativo.<\/p>\n\n\n\n<p>Pela medida, a brecha para fus\u00e3o de munic\u00edpios come\u00e7aria a vigorar a partir de 2026. Uma lei complementar ter\u00e1 que ser aprovada at\u00e9 esta data para que seja definido o processo de fus\u00e3o.<\/p>\n\n\n\n<p>O Brasil tem 1.253 munic\u00edpios com menos de 5.000 habitantes, o que equivale a 22,5% do total de 5.570 munic\u00edpios brasileiros (incluindo o Distrito Federal). Juntos eles somam 4,21 milh\u00f5es de habitantes.<\/p>\n\n\n\n<p>Na sa\u00edda da resid\u00eancia oficial, o presidente ironizou a Folha de S.Paulo ap\u00f3s uma simpatizante ter afirmado a ele que, em sua opini\u00e3o, o jornal n\u00e3o fez uma an\u00e1lise negativa sobre o pacote econ\u00f4mico apresentado por ele em visita ao Congresso, na ter\u00e7a-feira (5).<\/p>\n\n\n\n<p>&#8220;A Folha me elogiou? Deixa eu falar bem alto. A Folha me elogiou? Assim vou voltar a assinar a Folha&#8221;, disse o presidente. &#8220;Folha de S.Paulo, hein? Vou dar uma entrevista especial para a Folha de S.Paulo&#8221;, acrescentou.<\/p>\n\n\n\n<p>Na semana passada, ele havia dito que determinou o cancelamento de todas as assinaturas da Folha de S.Paulo no Executivo e, em tom de amea\u00e7a, disse que os anunciantes &#8220;devem prestar aten\u00e7\u00e3o&#8221;.<\/p>\n\n\n\n<p>&#8220;O Globo tamb\u00e9m? O Globo est\u00e1 me elogiando? Obrigado, Globo, espero que n\u00e3o apare\u00e7a um terceiro porteiro&#8221;, disse Bolsonaro.<\/p>\n\n\n\n<p>Cr\u00edtico dos movimentos populares no Chile, que, na opini\u00e3o dele, fazem parte de uma tentativa da esquerda para desestabilizar a Am\u00e9rica do Sul, o presidente brincou que o Brasil precisa &#8220;dar um pau&#8221; no vizinho sul-americano no Campeonato Mundial Sub-17, em partida disputada nesta quarta-feira (6).<\/p>\n\n\n\n<p>&#8220;Uma hora tem de bater o Chile a\u00ed. Eles est\u00e3o fazendo bagun\u00e7a l\u00e1 e a gente tem de dar um pau neles aqui&#8221;, disse.<\/p>\n","protected":false},"excerpt":{"rendered":"<p>O presidente Jair Bolsonaro saiu em defesa, nesta quarta-feira (6), da redu\u00e7\u00e3o do n\u00famero de munic\u00edpios pequenos no pa\u00eds e ressaltou que a proposta do&hellip; <\/p>\n","protected":false},"author":1,"featured_media":95139,"comment_status":"closed","ping_status":"closed","sticky":false,"template":"","format":"standard","meta":{"sfsi_plus_gutenberg_text_before_share":"","sfsi_plus_gutenberg_show_text_before_share":"","sfsi_plus_gutenberg_icon_type":"","sfsi_plus_gutenberg_icon_alignemt":"","sfsi_plus_gutenburg_max_per_row":"","footnotes":""},"categories":[11],"tags":[],"class_list":["post-133108","post","type-post","status-publish","format-standard","has-post-thumbnail","hentry","category-politica"],"_links":{"self":[{"href":"https:\/\/www.caririemacao.com\/1\/wp-json\/wp\/v2\/posts\/133108","targetHints":{"allow":["GET"]}}],"collection":[{"href":"https:\/\/www.caririemacao.com\/1\/wp-json\/wp\/v2\/posts"}],"about":[{"href":"https:\/\/www.caririemacao.com\/1\/wp-json\/wp\/v2\/types\/post"}],"author":[{"embeddable":true,"href":"https:\/\/www.caririemacao.com\/1\/wp-json\/wp\/v2\/users\/1"}],"replies":[{"embeddable":true,"href":"https:\/\/www.caririemacao.com\/1\/wp-json\/wp\/v2\/comments?post=133108"}],"version-history":[{"count":1,"href":"https:\/\/www.caririemacao.com\/1\/wp-json\/wp\/v2\/posts\/133108\/revisions"}],"predecessor-version":[{"id":133111,"href":"https:\/\/www.caririemacao.com\/1\/wp-json\/wp\/v2\/posts\/133108\/revisions\/133111"}],"wp:featuredmedia":[{"embeddable":true,"href":"https:\/\/www.caririemacao.com\/1\/wp-json\/wp\/v2\/media\/95139"}],"wp:attachment":[{"href":"https:\/\/www.caririemacao.com\/1\/wp-json\/wp\/v2\/media?parent=133108"}],"wp:term":[{"taxonomy":"category","embeddable":true,"href":"https:\/\/www.caririemacao.com\/1\/wp-json\/wp\/v2\/categories?post=133108"},{"taxonomy":"post_tag","embeddable":true,"href":"https:\/\/www.caririemacao.com\/1\/wp-json\/wp\/v2\/tags?post=133108"}],"curies":[{"name":"wp","href":"https:\/\/api.w.org\/{rel}","templated":true}]}}