{"id":133127,"date":"2019-11-06T18:25:20","date_gmt":"2019-11-06T21:25:20","guid":{"rendered":"http:\/\/www.caririemacao.com\/1\/?p=133127"},"modified":"2019-11-06T18:25:20","modified_gmt":"2019-11-06T21:25:20","slug":"ex-governador-ricardo-coutinho-se-queixa-da-exoneracao-de-aliadas-nas-gerencias-regionais-da-educacao-de-sousa-e-pombal","status":"publish","type":"post","link":"https:\/\/www.caririemacao.com\/1\/2019\/11\/06\/ex-governador-ricardo-coutinho-se-queixa-da-exoneracao-de-aliadas-nas-gerencias-regionais-da-educacao-de-sousa-e-pombal\/","title":{"rendered":"Ex-governador Ricardo Coutinho se queixa da exonera\u00e7\u00e3o de aliadas nas gerencias regionais da educa\u00e7\u00e3o de Sousa e Pombal"},"content":{"rendered":"\n<p>O ex-governador Ricardo Coutinho (PSB) usou sua conta do Twitter na tarde desta quarta-feira (06) para criticar a exonera\u00e7\u00e3o&nbsp; de&nbsp;<strong>Ione dos Santos Severo Formiga<\/strong>, do cargo&nbsp; de Gerente Regional de Educa\u00e7\u00e3o da Secretaria da Educa\u00e7\u00e3o e Ci\u00eancia e Tecnologia, em Pombal, e&nbsp;<strong>Maria do Socorro Antunes Pereira Ferreira<\/strong>,&nbsp; do cargo em comiss\u00e3o de Gerente Regional de Educa\u00e7\u00e3o da Secretaria da Educa\u00e7\u00e3o e Ci\u00eancia e Tecnologia, em Sousa.<\/p>\n\n\n\n<p>Aos aliados, o governador reclamou que al\u00e9m de profissionais qualificadas para a fun\u00e7\u00e3o, as suas duas aliadas foram exoneradas do cargo pelo governador Jo\u00e3o Azev\u00eado (PSB), sem que ele, Ricardo, fosse se quer comunicado dos atos.<\/p>\n\n\n\n<p><strong>A Educa\u00e7\u00e3o Publica na PB perdeu hj duas Gerentes de Ensino que fizeram a diferen\u00e7a na implanta\u00e7\u00e3o da nova pol\u00edtica que revolucionou a educa\u00e7\u00e3o. A sa\u00edda de Ione, Gerente de Pombal, e Socorro Antunes, em Sousa, a Gest\u00e3o perde qualidade e compromisso. Obrigado pelo grande trabalho,&nbsp;<\/strong>escreveu o ex-governador.<\/p>\n","protected":false},"excerpt":{"rendered":"<p>O ex-governador Ricardo Coutinho (PSB) usou sua conta do Twitter na tarde desta quarta-feira (06) para criticar a exonera\u00e7\u00e3o&nbsp; de&nbsp;Ione dos Santos Severo Formiga, do&hellip; <\/p>\n","protected":false},"author":1,"featured_media":36117,"comment_status":"closed","ping_status":"closed","sticky":false,"template":"","format":"standard","meta":{"sfsi_plus_gutenberg_text_before_share":"","sfsi_plus_gutenberg_show_text_before_share":"","sfsi_plus_gutenberg_icon_type":"","sfsi_plus_gutenberg_icon_alignemt":"","sfsi_plus_gutenburg_max_per_row":"","footnotes":""},"categories":[11],"tags":[],"class_list":["post-133127","post","type-post","status-publish","format-standard","has-post-thumbnail","hentry","category-politica"],"_links":{"self":[{"href":"https:\/\/www.caririemacao.com\/1\/wp-json\/wp\/v2\/posts\/133127","targetHints":{"allow":["GET"]}}],"collection":[{"href":"https:\/\/www.caririemacao.com\/1\/wp-json\/wp\/v2\/posts"}],"about":[{"href":"https:\/\/www.caririemacao.com\/1\/wp-json\/wp\/v2\/types\/post"}],"author":[{"embeddable":true,"href":"https:\/\/www.caririemacao.com\/1\/wp-json\/wp\/v2\/users\/1"}],"replies":[{"embeddable":true,"href":"https:\/\/www.caririemacao.com\/1\/wp-json\/wp\/v2\/comments?post=133127"}],"version-history":[{"count":1,"href":"https:\/\/www.caririemacao.com\/1\/wp-json\/wp\/v2\/posts\/133127\/revisions"}],"predecessor-version":[{"id":133129,"href":"https:\/\/www.caririemacao.com\/1\/wp-json\/wp\/v2\/posts\/133127\/revisions\/133129"}],"wp:featuredmedia":[{"embeddable":true,"href":"https:\/\/www.caririemacao.com\/1\/wp-json\/wp\/v2\/media\/36117"}],"wp:attachment":[{"href":"https:\/\/www.caririemacao.com\/1\/wp-json\/wp\/v2\/media?parent=133127"}],"wp:term":[{"taxonomy":"category","embeddable":true,"href":"https:\/\/www.caririemacao.com\/1\/wp-json\/wp\/v2\/categories?post=133127"},{"taxonomy":"post_tag","embeddable":true,"href":"https:\/\/www.caririemacao.com\/1\/wp-json\/wp\/v2\/tags?post=133127"}],"curies":[{"name":"wp","href":"https:\/\/api.w.org\/{rel}","templated":true}]}}