{"id":133134,"date":"2019-11-06T18:45:41","date_gmt":"2019-11-06T21:45:41","guid":{"rendered":"http:\/\/www.caririemacao.com\/1\/?p=133134"},"modified":"2019-11-06T18:45:41","modified_gmt":"2019-11-06T21:45:41","slug":"prefeito-jefferson-roberto-reune-comerciantes-interessados-em-atuar-no-novo-mercado-publico-e-prepara-inauguracao","status":"publish","type":"post","link":"https:\/\/www.caririemacao.com\/1\/2019\/11\/06\/prefeito-jefferson-roberto-reune-comerciantes-interessados-em-atuar-no-novo-mercado-publico-e-prepara-inauguracao\/","title":{"rendered":"Prefeito Jefferson Roberto re\u00fane comerciantes interessados em atuar no novo Mercado P\u00fablico e prepara inaugura\u00e7\u00e3o"},"content":{"rendered":"\n<p>A Capital do Mel, S\u00e3o Jos\u00e9 dos Cordeiros, est\u00e1 prestes a receber uma importante e estruturante obra. A reforma e amplia\u00e7\u00e3o do Mercado P\u00fablico deve acontecer at\u00e9 o final do ano e por isso a gest\u00e3o municipal iniciou os preparativos finais para entrega do novo pr\u00e9dio.<\/p>\n\n\n\n<p>\u201cN\u00e3o se trata apenas de uma obra de cal e cimento. N\u00e3o fizemos uma reforma ampla, com investimento alto, para mantermos o mercado com a cara e o m\u00e9todo antigo de trabalho. Precisamos est\u00e1 atentos ao que pede a modernidade e nossa inten\u00e7\u00e3o de reformar e ampliar aquele espa\u00e7o foi para torn\u00e1-lo um centro comercial de refer\u00eancia, especialmente porque com a liga\u00e7\u00e3o asf\u00e1ltica para Livramento e o Pernambuco nos tornaremos um ponto de converg\u00eancia de massas e temos que aproveitar isso\u201d, destacou o prefeito Jefferson Roberto que liderou o encontro.<\/p>\n\n\n\n<div class=\"wp-block-image\"><figure class=\"alignright\"><img decoding=\"async\" data-src=\"http:\/\/deolhonocariri.com.br\/wp-content\/uploads\/2019\/11\/70252844_532892964174441_4976775349737095168_n-600x450.jpg\" alt=\"\" class=\"wp-image-73842 lazyload\" src=\"data:image\/svg+xml;base64,PHN2ZyB3aWR0aD0iMSIgaGVpZ2h0PSIxIiB4bWxucz0iaHR0cDovL3d3dy53My5vcmcvMjAwMC9zdmciPjwvc3ZnPg==\" style=\"--smush-placeholder-width: 600px; --smush-placeholder-aspect-ratio: 600\/450;\" \/><\/figure><\/div>\n\n\n\n<p>A reuni\u00e3o contou com 66 comerciantes, que demonstraram o interesse de atuar no novo mercado. O prefeito Jefferson Roberto explicou que o encontro serviu especialmente para verificar a quantidade de pessoas que queriam pontos comerciais no centro e o ramo de suas atividades, para a partir de ent\u00e3o a Prefeitura definir crit\u00e9rios para destina\u00e7\u00e3o das vagas dispon\u00edveis.<\/p>\n\n\n\n<p>\u201cN\u00e3o temos espa\u00e7o para todos, infelizmente. Antes possu\u00edamos 19 pontos comerciais, constru\u00edmos um segundo anexo com 21 vagas, mas ainda assim teremos que selecionar as pessoas para receberem os pontos dispon\u00edveis, sabendo cada um que ter\u00e1 direitos, mas tamb\u00e9m deveres\u201d, explicou o prefeito durante a reuni\u00e3o. Jefferson ainda destacou que o munic\u00edpio promover\u00e1 capacita\u00e7\u00f5es junto ao Sebrae para os comerciantes que atuar\u00e3o no mercado.<\/p>\n\n\n\n<p>A reuni\u00e3o foi bastante produtiva e serviu de base para que a Prefeitura possa definir os pr\u00f3ximos passos visando a inaugura\u00e7\u00e3o do novo mercado p\u00fablico de S\u00e3o Jos\u00e9 dos Cordeiros. Al\u00e9m do prefeito Jefferson Roberto, participaram da reuni\u00e3o os secret\u00e1rios Lena Ara\u00fajo (Administra\u00e7\u00e3o), Dayvison Romeryto (Agricultura), Branco S\u00e1 (Infra-estrutura) e o veterin\u00e1rio do munic\u00edpio, Vandson Braz.<\/p>\n","protected":false},"excerpt":{"rendered":"<p>A Capital do Mel, S\u00e3o Jos\u00e9 dos Cordeiros, est\u00e1 prestes a receber uma importante e estruturante obra. A reforma e amplia\u00e7\u00e3o do Mercado P\u00fablico deve&hellip; <\/p>\n","protected":false},"author":1,"featured_media":133136,"comment_status":"closed","ping_status":"closed","sticky":false,"template":"","format":"standard","meta":{"sfsi_plus_gutenberg_text_before_share":"","sfsi_plus_gutenberg_show_text_before_share":"","sfsi_plus_gutenberg_icon_type":"","sfsi_plus_gutenberg_icon_alignemt":"","sfsi_plus_gutenburg_max_per_row":"","footnotes":""},"categories":[6],"tags":[],"class_list":["post-133134","post","type-post","status-publish","format-standard","has-post-thumbnail","hentry","category-cidades"],"_links":{"self":[{"href":"https:\/\/www.caririemacao.com\/1\/wp-json\/wp\/v2\/posts\/133134","targetHints":{"allow":["GET"]}}],"collection":[{"href":"https:\/\/www.caririemacao.com\/1\/wp-json\/wp\/v2\/posts"}],"about":[{"href":"https:\/\/www.caririemacao.com\/1\/wp-json\/wp\/v2\/types\/post"}],"author":[{"embeddable":true,"href":"https:\/\/www.caririemacao.com\/1\/wp-json\/wp\/v2\/users\/1"}],"replies":[{"embeddable":true,"href":"https:\/\/www.caririemacao.com\/1\/wp-json\/wp\/v2\/comments?post=133134"}],"version-history":[{"count":1,"href":"https:\/\/www.caririemacao.com\/1\/wp-json\/wp\/v2\/posts\/133134\/revisions"}],"predecessor-version":[{"id":133137,"href":"https:\/\/www.caririemacao.com\/1\/wp-json\/wp\/v2\/posts\/133134\/revisions\/133137"}],"wp:featuredmedia":[{"embeddable":true,"href":"https:\/\/www.caririemacao.com\/1\/wp-json\/wp\/v2\/media\/133136"}],"wp:attachment":[{"href":"https:\/\/www.caririemacao.com\/1\/wp-json\/wp\/v2\/media?parent=133134"}],"wp:term":[{"taxonomy":"category","embeddable":true,"href":"https:\/\/www.caririemacao.com\/1\/wp-json\/wp\/v2\/categories?post=133134"},{"taxonomy":"post_tag","embeddable":true,"href":"https:\/\/www.caririemacao.com\/1\/wp-json\/wp\/v2\/tags?post=133134"}],"curies":[{"name":"wp","href":"https:\/\/api.w.org\/{rel}","templated":true}]}}