{"id":133159,"date":"2019-11-07T08:05:02","date_gmt":"2019-11-07T11:05:02","guid":{"rendered":"http:\/\/www.caririemacao.com\/1\/?p=133159"},"modified":"2019-11-07T08:05:02","modified_gmt":"2019-11-07T11:05:02","slug":"homem-e-morto-a-tiros-em-barbearia-no-interior-da-paraiba","status":"publish","type":"post","link":"https:\/\/www.caririemacao.com\/1\/2019\/11\/07\/homem-e-morto-a-tiros-em-barbearia-no-interior-da-paraiba\/","title":{"rendered":"Homem \u00e9 morto a tiros em barbearia no interior da Para\u00edba"},"content":{"rendered":"\n<p>Um homic\u00eddio foi registrado no final da tarde desta quarta-feira (6) no munic\u00edpio de Capim, na Zona da Mata paraibana.<\/p>\n\n\n\n<p>O crime aconteceu dentro de uma barbearia. A v\u00edtima foi identificado como Thiano Barbeiro.<\/p>\n\n\n\n<p>Ele foi surpreendido por dois elementos e assassinado com v\u00e1rios tiros dentro do seu local de trabalho.<\/p>\n\n\n\n<p>H\u00e1 relatos que os policiais militares chegaram a trocar tiros com os criminosos e um deles foi baleado e socorrido ao hospital. O comparsa conseguiu fugir.<\/p>\n\n\n\n<p>As motiva\u00e7\u00f5es s\u00e3o desconhecidas. O caso est\u00e1 sendo investigado pela pol\u00edcia civil que foi acionada juntamente com a per\u00edcia criminal.<\/p>\n","protected":false},"excerpt":{"rendered":"<p>Um homic\u00eddio foi registrado no final da tarde desta quarta-feira (6) no munic\u00edpio de Capim, na Zona da Mata paraibana. O crime aconteceu dentro de&hellip; <\/p>\n","protected":false},"author":1,"featured_media":133161,"comment_status":"closed","ping_status":"closed","sticky":false,"template":"","format":"standard","meta":{"sfsi_plus_gutenberg_text_before_share":"","sfsi_plus_gutenberg_show_text_before_share":"","sfsi_plus_gutenberg_icon_type":"","sfsi_plus_gutenberg_icon_alignemt":"","sfsi_plus_gutenburg_max_per_row":"","footnotes":""},"categories":[12],"tags":[],"class_list":["post-133159","post","type-post","status-publish","format-standard","has-post-thumbnail","hentry","category-policia"],"_links":{"self":[{"href":"https:\/\/www.caririemacao.com\/1\/wp-json\/wp\/v2\/posts\/133159","targetHints":{"allow":["GET"]}}],"collection":[{"href":"https:\/\/www.caririemacao.com\/1\/wp-json\/wp\/v2\/posts"}],"about":[{"href":"https:\/\/www.caririemacao.com\/1\/wp-json\/wp\/v2\/types\/post"}],"author":[{"embeddable":true,"href":"https:\/\/www.caririemacao.com\/1\/wp-json\/wp\/v2\/users\/1"}],"replies":[{"embeddable":true,"href":"https:\/\/www.caririemacao.com\/1\/wp-json\/wp\/v2\/comments?post=133159"}],"version-history":[{"count":1,"href":"https:\/\/www.caririemacao.com\/1\/wp-json\/wp\/v2\/posts\/133159\/revisions"}],"predecessor-version":[{"id":133162,"href":"https:\/\/www.caririemacao.com\/1\/wp-json\/wp\/v2\/posts\/133159\/revisions\/133162"}],"wp:featuredmedia":[{"embeddable":true,"href":"https:\/\/www.caririemacao.com\/1\/wp-json\/wp\/v2\/media\/133161"}],"wp:attachment":[{"href":"https:\/\/www.caririemacao.com\/1\/wp-json\/wp\/v2\/media?parent=133159"}],"wp:term":[{"taxonomy":"category","embeddable":true,"href":"https:\/\/www.caririemacao.com\/1\/wp-json\/wp\/v2\/categories?post=133159"},{"taxonomy":"post_tag","embeddable":true,"href":"https:\/\/www.caririemacao.com\/1\/wp-json\/wp\/v2\/tags?post=133159"}],"curies":[{"name":"wp","href":"https:\/\/api.w.org\/{rel}","templated":true}]}}