{"id":133180,"date":"2019-11-07T08:15:20","date_gmt":"2019-11-07T11:15:20","guid":{"rendered":"http:\/\/www.caririemacao.com\/1\/?p=133180"},"modified":"2019-11-07T08:15:20","modified_gmt":"2019-11-07T11:15:20","slug":"secretario-geral-da-onu-alerta-sobre-riscos-de-tsunamis","status":"publish","type":"post","link":"https:\/\/www.caririemacao.com\/1\/2019\/11\/07\/secretario-geral-da-onu-alerta-sobre-riscos-de-tsunamis\/","title":{"rendered":"Secret\u00e1rio-geral da ONU alerta sobre riscos de tsunamis"},"content":{"rendered":"\n<p>O secret\u00e1rio-geral da Organiza\u00e7\u00e3o das Na\u00e7\u00f5es Unidas (ONU), Ant\u00f4nio Guterres, renovou alerta de que a eleva\u00e7\u00e3o no n\u00edvel dos oceanos em decorr\u00eancia do aquecimento global aumenta os riscos de danos causados por tsunamis.<\/p>\n\n\n\n<p>Ele fez a advert\u00eancia em um comunicado divulgado no Dia Mundial da Conscientiza\u00e7\u00e3o sobre Tsunamis, que foi celebrado nesta ter\u00e7a-feira (5).<\/p>\n\n\n\n<p>A ONU determinou a cria\u00e7\u00e3o da data em 2015, sob a iniciativa do Jap\u00e3o. Ao inv\u00e9s de referir-se \u00e0 situa\u00e7\u00e3o como &#8220;mudan\u00e7a clim\u00e1tica&#8221;, Guterres usou o termo &#8220;emerg\u00eancia clim\u00e1tica&#8221; em sua declara\u00e7\u00e3o.<\/p>\n\n\n\n<p>Segundo ele, estima-se que 680 milh\u00f5es de pessoas estejam em risco por viverem em \u00e1reas costeiras de baixa eleva\u00e7\u00e3o e que o n\u00famero pode passar de 1 bilh\u00e3o at\u00e9 2050.<\/p>\n\n\n\n<p>Guterres disse ainda que, nos 15 anos desde o tsunami ocorrido no Oceano \u00cdndico em 2004, um grande progresso foi feito para aprimorar os sistemas de alerta preventivo no Oceano \u00cdndico, no Caribe e outras regi\u00f5es, o que possibilitou que diversas vidas fossem salvas.<\/p>\n\n\n\n<p>No entanto, ele alerta que, com o aumento do n\u00edvel do mar, os poderes destrutivos de tsunamis podem ser exacerbados, pedindo que mais esfor\u00e7os sejam focados em lidar com a emerg\u00eancia clim\u00e1tica.<\/p>\n","protected":false},"excerpt":{"rendered":"<p>O secret\u00e1rio-geral da Organiza\u00e7\u00e3o das Na\u00e7\u00f5es Unidas (ONU), Ant\u00f4nio Guterres, renovou alerta de que a eleva\u00e7\u00e3o no n\u00edvel dos oceanos em decorr\u00eancia do aquecimento global&hellip; <\/p>\n","protected":false},"author":1,"featured_media":78092,"comment_status":"closed","ping_status":"closed","sticky":false,"template":"","format":"standard","meta":{"sfsi_plus_gutenberg_text_before_share":"","sfsi_plus_gutenberg_show_text_before_share":"","sfsi_plus_gutenberg_icon_type":"","sfsi_plus_gutenberg_icon_alignemt":"","sfsi_plus_gutenburg_max_per_row":"","footnotes":""},"categories":[2],"tags":[],"class_list":["post-133180","post","type-post","status-publish","format-standard","has-post-thumbnail","hentry","category-geral"],"_links":{"self":[{"href":"https:\/\/www.caririemacao.com\/1\/wp-json\/wp\/v2\/posts\/133180","targetHints":{"allow":["GET"]}}],"collection":[{"href":"https:\/\/www.caririemacao.com\/1\/wp-json\/wp\/v2\/posts"}],"about":[{"href":"https:\/\/www.caririemacao.com\/1\/wp-json\/wp\/v2\/types\/post"}],"author":[{"embeddable":true,"href":"https:\/\/www.caririemacao.com\/1\/wp-json\/wp\/v2\/users\/1"}],"replies":[{"embeddable":true,"href":"https:\/\/www.caririemacao.com\/1\/wp-json\/wp\/v2\/comments?post=133180"}],"version-history":[{"count":1,"href":"https:\/\/www.caririemacao.com\/1\/wp-json\/wp\/v2\/posts\/133180\/revisions"}],"predecessor-version":[{"id":133183,"href":"https:\/\/www.caririemacao.com\/1\/wp-json\/wp\/v2\/posts\/133180\/revisions\/133183"}],"wp:featuredmedia":[{"embeddable":true,"href":"https:\/\/www.caririemacao.com\/1\/wp-json\/wp\/v2\/media\/78092"}],"wp:attachment":[{"href":"https:\/\/www.caririemacao.com\/1\/wp-json\/wp\/v2\/media?parent=133180"}],"wp:term":[{"taxonomy":"category","embeddable":true,"href":"https:\/\/www.caririemacao.com\/1\/wp-json\/wp\/v2\/categories?post=133180"},{"taxonomy":"post_tag","embeddable":true,"href":"https:\/\/www.caririemacao.com\/1\/wp-json\/wp\/v2\/tags?post=133180"}],"curies":[{"name":"wp","href":"https:\/\/api.w.org\/{rel}","templated":true}]}}