{"id":133503,"date":"2019-11-08T09:06:10","date_gmt":"2019-11-08T12:06:10","guid":{"rendered":"http:\/\/www.caririemacao.com\/1\/?p=133503"},"modified":"2019-11-08T09:06:10","modified_gmt":"2019-11-08T12:06:10","slug":"pacto-federativo-vai-deixar-municipios-sustentaveis-diz-bolsonaro","status":"publish","type":"post","link":"https:\/\/www.caririemacao.com\/1\/2019\/11\/08\/pacto-federativo-vai-deixar-municipios-sustentaveis-diz-bolsonaro\/","title":{"rendered":"Pacto federativo vai deixar munic\u00edpios sustent\u00e1veis, diz Bolsonaro"},"content":{"rendered":"\n<p>O presidente Jair Bolsonaro disse&nbsp;hoje&nbsp;(7) durante&nbsp;<em>live<\/em>&nbsp;que a Proposta de Emenda \u00e0 Constitui\u00e7\u00e3o (PEC) do Pacto Federativo&nbsp;vai ajudar na sustentabilidade financeira de cidades&nbsp;pequenas. Entre outros temas, a PEC prop\u00f5e a extin\u00e7\u00e3o de munic\u00edpios com menos de 5 mil habitantes e arrecada\u00e7\u00e3o pr\u00f3pria inferior a 10% da receita total. \u201cN\u00e3o \u00e9 minha a proposta, \u00e9 dos senadores, mas eu assino embaixo\u201d, afirmou.<\/p>\n\n\n\n<p>Para o presidente, vai&nbsp;ter&nbsp;prefeito \u201ccontra e a favor\u201d, mas \u00e9 o Congresso quem vai aperfei\u00e7oar a PEC. \u201cSe o munic\u00edpio n\u00e3o for respons\u00e1vel por 10% da receita dele, esse munic\u00edpio tem que deixar de existir se o Parlamento concordar com isso.\u201d<\/p>\n\n\n\n<p>A PEC foi encaminhada ao Congresso Nacional da \u00faltima&nbsp;ter\u00e7a-feira (5), juntamente com&nbsp;<a href=\"http:\/\/agenciabrasil.ebc.com.br\/politica\/noticia\/2019-11\/pecs-apresentadas-pelo-governo-tem-relatores-definidos-no-senado\" target=\"_blank\" rel=\"noreferrer noopener\">outras duas<\/a>. A proposta visa \u00e0 desindexa\u00e7\u00e3o de gastos obrigat\u00f3rios em caso de emerg\u00eancia fiscal. Essas despesas deixar\u00e3o de ser corrigidas pela infla\u00e7\u00e3o em momentos de dificuldades fiscais e financeiras.<\/p>\n\n\n\n<p>A proposta, na pr\u00e1tica, afeta mais os estados que ultrapassaram os limites de endividamento ou de gastos com pessoal previstos na Lei de Responsabilidade Fiscal. No entanto, a Uni\u00e3o poder\u00e1 acionar os gatilhos caso o Congresso aprove o or\u00e7amento para o pr\u00f3ximo exerc\u00edcio com o descumprimento da regra de ouro (teto de endividamento p\u00fablico).<\/p>\n\n\n\n<p>Pela PEC do Pacto Federativo, o gatilho que interrompe o reajuste pela infla\u00e7\u00e3o seria acionado em caso de endividamento excessivo. Para a Uni\u00e3o, o Congresso precisaria autorizar o descumprimento, ou seja, o estouro do limite de endividamento. Para estados e munic\u00edpios, esses&nbsp;mecanismos seriam acionados sempre que a despesa corrente estourar 95% da receita do ano.<\/p>\n\n\n\n<p>A proposta pro\u00edbe a promo\u00e7\u00e3o de servidores p\u00fablicos, a concess\u00e3o de reajustes, a cria\u00e7\u00e3o de cargos, as reestrutura\u00e7\u00f5es de carreira, a realiza\u00e7\u00e3o de concursos p\u00fablicos e a cria\u00e7\u00e3o de verbas indenizat\u00f3rias. Nesse per\u00edodo, tamb\u00e9m ficaria proibida a cria\u00e7\u00e3o de gastos obrigat\u00f3rios e de benef\u00edcios tribut\u00e1rios.<\/p>\n\n\n\n<p>Segundo a PEC, nestas situa\u00e7\u00f5es servidores p\u00fablicos poderiam&nbsp;ter&nbsp;a jornada reduzida em at\u00e9 25%, com corte proporcional dos vencimentos. No caso da Uni\u00e3o, os repasses do Fundo de Amparo ao Trabalhador (FAT) ao Banco Nacional de Desenvolvimento Econ\u00f4mico e Social (BNDES) ficariam suspensos.<\/p>\n\n\n\n<p>Tamb\u00e9m na&nbsp;<em>live<\/em>, Bolsonaro voltou a falar sobre as tratativas do governo para receber investimento de US$ 10 bilh\u00f5es do fundo soberano da Ar\u00e1bia Saudita. O interesse do governo \u00e9 que os recursos sejam investidos nos projetos do Programa de Parcerias de Investimentos (PPI)&nbsp;que toca privatiza\u00e7\u00f5es&nbsp;em diversos setores&nbsp;como \u00f3leo e g\u00e1s, portos, aeroportos, rodovias, ferrovias, entre outros.<\/p>\n\n\n\n<p>Bolsonaro disse ainda que o governo vai trabalhar para que parte do valor seja aplicada em&nbsp;ferrovias. \u201cO modal ferrovi\u00e1rio tem que voltar a funcionar\u201d, afirmou o presidente.<\/p>\n","protected":false},"excerpt":{"rendered":"<p>O presidente Jair Bolsonaro disse&nbsp;hoje&nbsp;(7) durante&nbsp;live&nbsp;que a Proposta de Emenda \u00e0 Constitui\u00e7\u00e3o (PEC) do Pacto Federativo&nbsp;vai ajudar na sustentabilidade financeira de cidades&nbsp;pequenas. Entre outros temas,&hellip; <\/p>\n","protected":false},"author":1,"featured_media":132377,"comment_status":"closed","ping_status":"closed","sticky":false,"template":"","format":"standard","meta":{"sfsi_plus_gutenberg_text_before_share":"","sfsi_plus_gutenberg_show_text_before_share":"","sfsi_plus_gutenberg_icon_type":"","sfsi_plus_gutenberg_icon_alignemt":"","sfsi_plus_gutenburg_max_per_row":"","footnotes":""},"categories":[11],"tags":[],"class_list":["post-133503","post","type-post","status-publish","format-standard","has-post-thumbnail","hentry","category-politica"],"_links":{"self":[{"href":"https:\/\/www.caririemacao.com\/1\/wp-json\/wp\/v2\/posts\/133503","targetHints":{"allow":["GET"]}}],"collection":[{"href":"https:\/\/www.caririemacao.com\/1\/wp-json\/wp\/v2\/posts"}],"about":[{"href":"https:\/\/www.caririemacao.com\/1\/wp-json\/wp\/v2\/types\/post"}],"author":[{"embeddable":true,"href":"https:\/\/www.caririemacao.com\/1\/wp-json\/wp\/v2\/users\/1"}],"replies":[{"embeddable":true,"href":"https:\/\/www.caririemacao.com\/1\/wp-json\/wp\/v2\/comments?post=133503"}],"version-history":[{"count":1,"href":"https:\/\/www.caririemacao.com\/1\/wp-json\/wp\/v2\/posts\/133503\/revisions"}],"predecessor-version":[{"id":133504,"href":"https:\/\/www.caririemacao.com\/1\/wp-json\/wp\/v2\/posts\/133503\/revisions\/133504"}],"wp:featuredmedia":[{"embeddable":true,"href":"https:\/\/www.caririemacao.com\/1\/wp-json\/wp\/v2\/media\/132377"}],"wp:attachment":[{"href":"https:\/\/www.caririemacao.com\/1\/wp-json\/wp\/v2\/media?parent=133503"}],"wp:term":[{"taxonomy":"category","embeddable":true,"href":"https:\/\/www.caririemacao.com\/1\/wp-json\/wp\/v2\/categories?post=133503"},{"taxonomy":"post_tag","embeddable":true,"href":"https:\/\/www.caririemacao.com\/1\/wp-json\/wp\/v2\/tags?post=133503"}],"curies":[{"name":"wp","href":"https:\/\/api.w.org\/{rel}","templated":true}]}}