{"id":133509,"date":"2019-11-08T09:34:42","date_gmt":"2019-11-08T12:34:42","guid":{"rendered":"http:\/\/www.caririemacao.com\/1\/?p=133509"},"modified":"2019-11-08T09:34:42","modified_gmt":"2019-11-08T12:34:42","slug":"novembro-azul-policia-militar-incentiva-conscientizacao-sobre-cuidados-com-a-saude-masculina","status":"publish","type":"post","link":"https:\/\/www.caririemacao.com\/1\/2019\/11\/08\/novembro-azul-policia-militar-incentiva-conscientizacao-sobre-cuidados-com-a-saude-masculina\/","title":{"rendered":"NOVEMBRO AZUL: Pol\u00edcia Militar incentiva conscientiza\u00e7\u00e3o sobre cuidados com a sa\u00fade masculina"},"content":{"rendered":"\n<p>A Pol\u00edcia Militar da Para\u00edba (PMPB) aderiu \u00e0 campanha Novembro Azul, que \u00e9 um movimento mundial que acontece durante o m\u00eas de novembro, a campanha visa conscientizar os homens sobre a necessidade dos cuidados com a sa\u00fade e a import\u00e2ncia da preven\u00e7\u00e3o e do diagn\u00f3stico precoce do c\u00e2ncer de pr\u00f3stata e tamb\u00e9m do diabetes.<\/p>\n\n\n\n<p>Conforme dados do Instituto Nacional do C\u00e2ncer (Inca), esse tipo de c\u00e2ncer \u00e9, no Brasil, o segundo mais comum entre os homens (atr\u00e1s apenas do c\u00e2ncer de pele n\u00e3o-melanoma). Em valores absolutos, \u00e9 o sexto tipo mais comum no mundo e o mais prevalente em homens, representando cerca de 10% do total de c\u00e2nceres. Sua taxa de incid\u00eancia \u00e9 cerca de seis vezes maior nos pa\u00edses desenvolvidos em compara\u00e7\u00e3o aos pa\u00edses em desenvolvimento. S\u00f3 em 2012, a estimativa \u00e9 que 60.180 casos fossem diagnosticados. Outro dado importante \u00e9 quanto ao diabetes, a Organiza\u00e7\u00e3o Mundial da Sa\u00fade (OMS) acredita que 1 em cada 11 pessoas no mundo tem diabetes. Esse n\u00famero s\u00f3 cresce.<\/p>\n\n\n\n<p>A Campanha \u2013 O Novembro Azul foi idealizado a fim de quebrar ideias equivocadas e preconceitos masculinos quanto \u00e0 preven\u00e7\u00e3o. O objetivo \u00e9 prover informa\u00e7\u00f5es a esses homens e incentiv\u00e1-los a promover os cuidados com a sa\u00fade.<\/p>\n","protected":false},"excerpt":{"rendered":"<p>A Pol\u00edcia Militar da Para\u00edba (PMPB) aderiu \u00e0 campanha Novembro Azul, que \u00e9 um movimento mundial que acontece durante o m\u00eas de novembro, a campanha&hellip; <\/p>\n","protected":false},"author":2,"featured_media":133510,"comment_status":"closed","ping_status":"closed","sticky":false,"template":"","format":"standard","meta":{"sfsi_plus_gutenberg_text_before_share":"","sfsi_plus_gutenberg_show_text_before_share":"","sfsi_plus_gutenberg_icon_type":"","sfsi_plus_gutenberg_icon_alignemt":"","sfsi_plus_gutenburg_max_per_row":"","footnotes":""},"categories":[2],"tags":[],"class_list":["post-133509","post","type-post","status-publish","format-standard","has-post-thumbnail","hentry","category-geral"],"_links":{"self":[{"href":"https:\/\/www.caririemacao.com\/1\/wp-json\/wp\/v2\/posts\/133509","targetHints":{"allow":["GET"]}}],"collection":[{"href":"https:\/\/www.caririemacao.com\/1\/wp-json\/wp\/v2\/posts"}],"about":[{"href":"https:\/\/www.caririemacao.com\/1\/wp-json\/wp\/v2\/types\/post"}],"author":[{"embeddable":true,"href":"https:\/\/www.caririemacao.com\/1\/wp-json\/wp\/v2\/users\/2"}],"replies":[{"embeddable":true,"href":"https:\/\/www.caririemacao.com\/1\/wp-json\/wp\/v2\/comments?post=133509"}],"version-history":[{"count":1,"href":"https:\/\/www.caririemacao.com\/1\/wp-json\/wp\/v2\/posts\/133509\/revisions"}],"predecessor-version":[{"id":133512,"href":"https:\/\/www.caririemacao.com\/1\/wp-json\/wp\/v2\/posts\/133509\/revisions\/133512"}],"wp:featuredmedia":[{"embeddable":true,"href":"https:\/\/www.caririemacao.com\/1\/wp-json\/wp\/v2\/media\/133510"}],"wp:attachment":[{"href":"https:\/\/www.caririemacao.com\/1\/wp-json\/wp\/v2\/media?parent=133509"}],"wp:term":[{"taxonomy":"category","embeddable":true,"href":"https:\/\/www.caririemacao.com\/1\/wp-json\/wp\/v2\/categories?post=133509"},{"taxonomy":"post_tag","embeddable":true,"href":"https:\/\/www.caririemacao.com\/1\/wp-json\/wp\/v2\/tags?post=133509"}],"curies":[{"name":"wp","href":"https:\/\/api.w.org\/{rel}","templated":true}]}}