{"id":133516,"date":"2019-11-08T09:40:42","date_gmt":"2019-11-08T12:40:42","guid":{"rendered":"http:\/\/www.caririemacao.com\/1\/?p=133516"},"modified":"2019-11-08T10:15:24","modified_gmt":"2019-11-08T13:15:24","slug":"casal-e-preso-em-monteiro-por-desacato-embriagues-ao-volante-e-resistencia-a-prisao","status":"publish","type":"post","link":"https:\/\/www.caririemacao.com\/1\/2019\/11\/08\/casal-e-preso-em-monteiro-por-desacato-embriagues-ao-volante-e-resistencia-a-prisao\/","title":{"rendered":"Casal \u00e9 preso em Monteiro por desacato, embriagues ao volante e resist\u00eancia a pris\u00e3o"},"content":{"rendered":"\n<p>Por volta das 18h30min do dia 07 de novembro de 2019, a\nguarni\u00e7\u00e3o da pol\u00edcia militar ao realizar ronda no centro da cidade de Monteiro\nPB, avistou um ve\u00edculo um ve\u00edculo VW \u2013 VolksWagen, Golf, cor preta, placa\nAME1214 \/ PR, realizando manobras perigosas na avenida central da cidade. <\/p>\n\n\n\n<p>O condutor do ve\u00edculo ao receber ordem de parada pela\npol\u00edcia, n\u00e3o obedeceu e fugiu em alta velocidade pelas ruas de Monteiro. Ap\u00f3s\ndilig\u00eancias, com o apoio das outras guarni\u00e7\u00f5es, o acusado foi localizado nas\nproximidades bar Hilarius, onde foi solicitado a realiza\u00e7\u00e3o de uma busca no\ninterior do ve\u00edculo, o mesmo, juntamente com sua esposa n\u00e3o obedeceram,\ncome\u00e7aram a desacatar o efetivo da pol\u00edcia, onde foi dado a voz de pris\u00e3o aos\nacusados, o mesmo ainda resistiu a voz de pris\u00e3o, e reagiu com os policiais,\nsendo necess\u00e1rio uso da for\u00e7a progressiva para quebrar sua resist\u00eancia. <\/p>\n\n\n\n<p>Ambos apresentavam sintomas de embriaguez e estavam bastante\nalterados; ap\u00f3s buscas no interior do ve\u00edculo, foi localizado uma garrafa de\ncerveja. <\/p>\n\n\n\n<p>Os dois foram conduzidos at\u00e9 a Delegacia de Pol\u00edcia de\nMonteiro, para os procedimentos de praxe.<\/p>\n\n\n\n<p><strong>Ve\u00edculo removido para a\nDelegacia de Pol\u00edcia<\/strong><\/p>\n\n\n\n<p>&#8211; 01 (um) ve\u00edculo VW \u2013 VolksWagen, Golf, cor preta, placa\nAME1214 \/ PR<\/p>\n","protected":false},"excerpt":{"rendered":"<p>Por volta das 18h30min do dia 07 de novembro de 2019, a guarni\u00e7\u00e3o da pol\u00edcia militar ao realizar ronda no centro da cidade de Monteiro&hellip; <\/p>\n","protected":false},"author":2,"featured_media":133517,"comment_status":"closed","ping_status":"closed","sticky":false,"template":"","format":"standard","meta":{"sfsi_plus_gutenberg_text_before_share":"","sfsi_plus_gutenberg_show_text_before_share":"","sfsi_plus_gutenberg_icon_type":"","sfsi_plus_gutenberg_icon_alignemt":"","sfsi_plus_gutenburg_max_per_row":"","footnotes":""},"categories":[50,12],"tags":[],"class_list":["post-133516","post","type-post","status-publish","format-standard","has-post-thumbnail","hentry","category-destaque","category-policia"],"_links":{"self":[{"href":"https:\/\/www.caririemacao.com\/1\/wp-json\/wp\/v2\/posts\/133516","targetHints":{"allow":["GET"]}}],"collection":[{"href":"https:\/\/www.caririemacao.com\/1\/wp-json\/wp\/v2\/posts"}],"about":[{"href":"https:\/\/www.caririemacao.com\/1\/wp-json\/wp\/v2\/types\/post"}],"author":[{"embeddable":true,"href":"https:\/\/www.caririemacao.com\/1\/wp-json\/wp\/v2\/users\/2"}],"replies":[{"embeddable":true,"href":"https:\/\/www.caririemacao.com\/1\/wp-json\/wp\/v2\/comments?post=133516"}],"version-history":[{"count":2,"href":"https:\/\/www.caririemacao.com\/1\/wp-json\/wp\/v2\/posts\/133516\/revisions"}],"predecessor-version":[{"id":133545,"href":"https:\/\/www.caririemacao.com\/1\/wp-json\/wp\/v2\/posts\/133516\/revisions\/133545"}],"wp:featuredmedia":[{"embeddable":true,"href":"https:\/\/www.caririemacao.com\/1\/wp-json\/wp\/v2\/media\/133517"}],"wp:attachment":[{"href":"https:\/\/www.caririemacao.com\/1\/wp-json\/wp\/v2\/media?parent=133516"}],"wp:term":[{"taxonomy":"category","embeddable":true,"href":"https:\/\/www.caririemacao.com\/1\/wp-json\/wp\/v2\/categories?post=133516"},{"taxonomy":"post_tag","embeddable":true,"href":"https:\/\/www.caririemacao.com\/1\/wp-json\/wp\/v2\/tags?post=133516"}],"curies":[{"name":"wp","href":"https:\/\/api.w.org\/{rel}","templated":true}]}}