{"id":133531,"date":"2019-11-08T09:51:09","date_gmt":"2019-11-08T12:51:09","guid":{"rendered":"http:\/\/www.caririemacao.com\/1\/?p=133531"},"modified":"2019-11-08T09:51:09","modified_gmt":"2019-11-08T12:51:09","slug":"indicador-da-fgv-mostra-dificuldade-de-reacao-do-mercado-de-trabalho","status":"publish","type":"post","link":"https:\/\/www.caririemacao.com\/1\/2019\/11\/08\/indicador-da-fgv-mostra-dificuldade-de-reacao-do-mercado-de-trabalho\/","title":{"rendered":"Indicador da FGV mostra dificuldade de rea\u00e7\u00e3o do mercado de trabalho"},"content":{"rendered":"\n<p>O Indicador Antecedente de Emprego (IAEmp), medido pela Funda\u00e7\u00e3o Get\u00falio Vargas (FGV) e que visa antecipar tend\u00eancias do mercado de trabalho ficou em 85,8 pontos em outubro. O \u00edndice foi divulgado hoje (8) e registra o menor n\u00edvel&nbsp;desde maio deste ano. A queda foi de 1,3 ponto em rela\u00e7\u00e3o a setembro, quando&nbsp;<a href=\"http:\/\/agenciabrasil.ebc.com.br\/economia\/noticia\/2019-10\/indicadores-do-mercado-de-trabalho-apresentam-melhora-em-setembro\" target=\"_blank\" rel=\"noreferrer noopener\">estava em 87,1 pontos<\/a>.<\/p>\n\n\n\n<p>Segundo a FGV, a queda mostra a dificuldade de \u201cuma rea\u00e7\u00e3o mais robusta do mercado de trabalho\u201d. O IAEmp, que tem uma escala de zero a 200 pontos, \u00e9 calculado com base nas expectativas de consumidores e de empres\u00e1rios da ind\u00fastria e dos servi\u00e7os numa combina\u00e7\u00e3o das pesquisas Sondagens da Ind\u00fastria, de Servi\u00e7os e do Consumidor, tamb\u00e9m medidos pela FGV.&nbsp;<\/p>\n\n\n\n<p>Em outubro, a ind\u00fastria foi a principal respons\u00e1vel por puxar o \u00edndice para baixo.<\/p>\n\n\n\n<h2 class=\"wp-block-heading\">Desemprego<\/h2>\n\n\n\n<p>Esta dificuldade do mercado em absorver m\u00e3o de obra \u00e9 observada no Indicador Coincidente de Desemprego ICD, tamb\u00e9m divulgado hoje pela FGV. O \u00edndice subiu 0,1 ponto, atingindo 93 pontos. O n\u00edvel hist\u00f3rico deste indicador, desde 2005, \u00e9 de 84,2 pontos.<\/p>\n\n\n\n<p>Neste caso, o \u00edndice \u00e9 calculado com base na opini\u00e3o dos consumidores sobre a atual situa\u00e7\u00e3o da falta de emprego. O ICD tamb\u00e9m tem uma escala de zero a 200 pontos, mas, diferentemente do Iaemp, o resultado melhora quando cai e piora quando cresce.<\/p>\n","protected":false},"excerpt":{"rendered":"<p>O Indicador Antecedente de Emprego (IAEmp), medido pela Funda\u00e7\u00e3o Get\u00falio Vargas (FGV) e que visa antecipar tend\u00eancias do mercado de trabalho ficou em 85,8 pontos&hellip; <\/p>\n","protected":false},"author":1,"featured_media":102846,"comment_status":"closed","ping_status":"closed","sticky":false,"template":"","format":"standard","meta":{"sfsi_plus_gutenberg_text_before_share":"","sfsi_plus_gutenberg_show_text_before_share":"","sfsi_plus_gutenberg_icon_type":"","sfsi_plus_gutenberg_icon_alignemt":"","sfsi_plus_gutenburg_max_per_row":"","footnotes":""},"categories":[2],"tags":[],"class_list":["post-133531","post","type-post","status-publish","format-standard","has-post-thumbnail","hentry","category-geral"],"_links":{"self":[{"href":"https:\/\/www.caririemacao.com\/1\/wp-json\/wp\/v2\/posts\/133531","targetHints":{"allow":["GET"]}}],"collection":[{"href":"https:\/\/www.caririemacao.com\/1\/wp-json\/wp\/v2\/posts"}],"about":[{"href":"https:\/\/www.caririemacao.com\/1\/wp-json\/wp\/v2\/types\/post"}],"author":[{"embeddable":true,"href":"https:\/\/www.caririemacao.com\/1\/wp-json\/wp\/v2\/users\/1"}],"replies":[{"embeddable":true,"href":"https:\/\/www.caririemacao.com\/1\/wp-json\/wp\/v2\/comments?post=133531"}],"version-history":[{"count":1,"href":"https:\/\/www.caririemacao.com\/1\/wp-json\/wp\/v2\/posts\/133531\/revisions"}],"predecessor-version":[{"id":133532,"href":"https:\/\/www.caririemacao.com\/1\/wp-json\/wp\/v2\/posts\/133531\/revisions\/133532"}],"wp:featuredmedia":[{"embeddable":true,"href":"https:\/\/www.caririemacao.com\/1\/wp-json\/wp\/v2\/media\/102846"}],"wp:attachment":[{"href":"https:\/\/www.caririemacao.com\/1\/wp-json\/wp\/v2\/media?parent=133531"}],"wp:term":[{"taxonomy":"category","embeddable":true,"href":"https:\/\/www.caririemacao.com\/1\/wp-json\/wp\/v2\/categories?post=133531"},{"taxonomy":"post_tag","embeddable":true,"href":"https:\/\/www.caririemacao.com\/1\/wp-json\/wp\/v2\/tags?post=133531"}],"curies":[{"name":"wp","href":"https:\/\/api.w.org\/{rel}","templated":true}]}}