{"id":133548,"date":"2019-11-08T10:36:22","date_gmt":"2019-11-08T13:36:22","guid":{"rendered":"http:\/\/www.caririemacao.com\/1\/?p=133548"},"modified":"2019-11-08T10:36:22","modified_gmt":"2019-11-08T13:36:22","slug":"deputados-querem-impedir-taxacao-sobre-energia-solar-gerada-por-consumidor","status":"publish","type":"post","link":"https:\/\/www.caririemacao.com\/1\/2019\/11\/08\/deputados-querem-impedir-taxacao-sobre-energia-solar-gerada-por-consumidor\/","title":{"rendered":"Deputados querem impedir taxa\u00e7\u00e3o sobre energia solar gerada por consumidor"},"content":{"rendered":"\n<p>&nbsp;A inten\u00e7\u00e3o da Aneel (Ag\u00eancia Nacional de Energia El\u00e9trica) de taxar a energia solar gerada por consumidores pode ser alterada no C\u00f3digo Brasileiro de Energia El\u00e9trica.<\/p>\n\n\n\n<p>O novo marco regulat\u00f3rio do setor vem sendo discutido em comiss\u00e3o especial do Congresso. Seu relator, o deputado federal Lafayette de Andrada (Republicanos-MG), \u00e9 cr\u00edtico \u00e0 medida da Aneel.<\/p>\n\n\n\n<p>Na avalia\u00e7\u00e3o do parlamentar, a falta de uma legisla\u00e7\u00e3o permite que a ag\u00eancia reguladora altere as regras da gera\u00e7\u00e3o de energia por resolu\u00e7\u00e3o, sem debate no Parlamento, o que gera inseguran\u00e7a jur\u00eddica para quem instala os pain\u00e9is em suas propriedades.<\/p>\n\n\n\n<p>Para Andrada, o setor ainda \u00e9 novo para ser taxado. A resolu\u00e7\u00e3o da Aneel que iniciou seu desenvolvimento \u00e9 de 2012.<\/p>\n\n\n\n<p>Em outubro, quando a Aneel colocou em consulta p\u00fablica uma revis\u00e3o da norma que regula a gera\u00e7\u00e3o de energia pelos consumidores, propondo os novos encargos de maneira escalonada at\u00e9 2030.<\/p>\n\n\n\n<p>Desde ent\u00e3o, associa\u00e7\u00f5es como Abesolar (Associa\u00e7\u00e3o Brasileira de Energia Solar Fotovoltaica) e ABGD (Associa\u00e7\u00e3o Brasileira de Gera\u00e7\u00e3o Distribuida) participaram de tr\u00eas audi\u00eancias p\u00fablicas em Bras\u00edlia nas quais a medida da Aneel foi criticada por parlamentares.<\/p>\n\n\n\n<p>O senador Major Ol\u00edmpio (PSL-SP), por exemplo, criticou o que chamou de taxa\u00e7\u00e3o do sol. Em outro momento, afirmou que a Aneel tem de ser isenta, e n\u00e3o atuar em defesa das empresas de energia.<\/p>\n\n\n\n<p>J\u00e1 h\u00e1 uma vers\u00e3o pr\u00e9via do relat\u00f3rio para o novo c\u00f3digo do setor de energia, que dever\u00e1 ser alterado no futuro para incluir as contribui\u00e7\u00f5es registradas nos debates.<\/p>\n\n\n\n<p>A mudan\u00e7a nas regras de gera\u00e7\u00e3o distribu\u00edda tem como objetivo remunerar as distribuidoras de energia el\u00e9trica pela infraestrutura que fornecem aos usu\u00e1rios.<\/p>\n\n\n\n<p>Hoje, toda a energia que o consumidor compartilha na rede el\u00e9trica gera cr\u00e9ditos para ele praticamente em propor\u00e7\u00e3o igual. A mudan\u00e7a pode reduzir o patamar de cr\u00e9ditos para 32%.<\/p>\n","protected":false},"excerpt":{"rendered":"<p>&nbsp;A inten\u00e7\u00e3o da Aneel (Ag\u00eancia Nacional de Energia El\u00e9trica) de taxar a energia solar gerada por consumidores pode ser alterada no C\u00f3digo Brasileiro de Energia&hellip; <\/p>\n","protected":false},"author":1,"featured_media":133549,"comment_status":"closed","ping_status":"closed","sticky":false,"template":"","format":"standard","meta":{"sfsi_plus_gutenberg_text_before_share":"","sfsi_plus_gutenberg_show_text_before_share":"","sfsi_plus_gutenberg_icon_type":"","sfsi_plus_gutenberg_icon_alignemt":"","sfsi_plus_gutenburg_max_per_row":"","footnotes":""},"categories":[11],"tags":[],"class_list":["post-133548","post","type-post","status-publish","format-standard","has-post-thumbnail","hentry","category-politica"],"_links":{"self":[{"href":"https:\/\/www.caririemacao.com\/1\/wp-json\/wp\/v2\/posts\/133548","targetHints":{"allow":["GET"]}}],"collection":[{"href":"https:\/\/www.caririemacao.com\/1\/wp-json\/wp\/v2\/posts"}],"about":[{"href":"https:\/\/www.caririemacao.com\/1\/wp-json\/wp\/v2\/types\/post"}],"author":[{"embeddable":true,"href":"https:\/\/www.caririemacao.com\/1\/wp-json\/wp\/v2\/users\/1"}],"replies":[{"embeddable":true,"href":"https:\/\/www.caririemacao.com\/1\/wp-json\/wp\/v2\/comments?post=133548"}],"version-history":[{"count":1,"href":"https:\/\/www.caririemacao.com\/1\/wp-json\/wp\/v2\/posts\/133548\/revisions"}],"predecessor-version":[{"id":133550,"href":"https:\/\/www.caririemacao.com\/1\/wp-json\/wp\/v2\/posts\/133548\/revisions\/133550"}],"wp:featuredmedia":[{"embeddable":true,"href":"https:\/\/www.caririemacao.com\/1\/wp-json\/wp\/v2\/media\/133549"}],"wp:attachment":[{"href":"https:\/\/www.caririemacao.com\/1\/wp-json\/wp\/v2\/media?parent=133548"}],"wp:term":[{"taxonomy":"category","embeddable":true,"href":"https:\/\/www.caririemacao.com\/1\/wp-json\/wp\/v2\/categories?post=133548"},{"taxonomy":"post_tag","embeddable":true,"href":"https:\/\/www.caririemacao.com\/1\/wp-json\/wp\/v2\/tags?post=133548"}],"curies":[{"name":"wp","href":"https:\/\/api.w.org\/{rel}","templated":true}]}}