{"id":133556,"date":"2019-11-08T10:39:07","date_gmt":"2019-11-08T13:39:07","guid":{"rendered":"http:\/\/www.caririemacao.com\/1\/?p=133556"},"modified":"2019-11-08T10:39:07","modified_gmt":"2019-11-08T13:39:07","slug":"governador-define-regras-mais-rigidas-para-concessao-de-diarias-e-passagens","status":"publish","type":"post","link":"https:\/\/www.caririemacao.com\/1\/2019\/11\/08\/governador-define-regras-mais-rigidas-para-concessao-de-diarias-e-passagens\/","title":{"rendered":"Governador define regras mais r\u00edgidas para concess\u00e3o de di\u00e1rias e passagens"},"content":{"rendered":"\n<p>O governador da Para\u00edba, Jo\u00e3o Azev\u00eado, decretou que a concess\u00e3o de di\u00e1rias e passagens, para participa\u00e7\u00e3o de servidor ou titular de \u00f3rg\u00e3o ou entidade do Estado da Para\u00edba, em qualquer evento fora do Estado, ficar\u00e1 condicionada \u00e0 pr\u00e9via aprova\u00e7\u00e3o do Chefe de Gabinete do Governador.<\/p>\n\n\n\n<p>De acordo com o texto do decreto, publicado no Di\u00e1rio Oficial do Estado desta sexta-feira (8), as solicita\u00e7\u00f5es para autoriza\u00e7\u00e3o de di\u00e1rias e passagens devem ser encaminhadas oficialmente para Chefia de Gabinete do Governador, que ter\u00e1 at\u00e9 cinco dias \u00fateis para analisar a solicita\u00e7\u00e3o.<\/p>\n\n\n\n<p>A necessidade de autoriza\u00e7\u00e3o pr\u00e9via fica dispensada nas seguintes hip\u00f3teses: para atender demandas judiciais, pelo titular da Secretaria de Estado da Sa\u00fade; para respeitar caracter\u00edsticas de sigilo e agilidade das opera\u00e7\u00f5es policiais, pelos titulares dos \u00f3rg\u00e3os envolvidos na seguran\u00e7a p\u00fablica; para deslocamento de presos, pela Secretaria de Estado da Administra\u00e7\u00e3o Penitenci\u00e1ria, e socioeducandos, pela Funda\u00e7\u00e3o de Desenvolvimento da Crian\u00e7a e Adolescente Alice de Almeida \u2013 Fundac.<\/p>\n\n\n\n<p>\u00c9 necess\u00e1rio ainda que o gestor concedente das di\u00e1rias e passagens encaminhe para a Chefia de Gabinete do Governador as justificativas que motivaram as concess\u00f5es.<\/p>\n\n\n\n<p>O decreto tamb\u00e9m autoriza a implanta\u00e7\u00e3o de sistema eletr\u00f4nico para autoriza\u00e7\u00f5es de passagens e di\u00e1rias e j\u00e1 est\u00e1 em vigor.<\/p>\n","protected":false},"excerpt":{"rendered":"<p>O governador da Para\u00edba, Jo\u00e3o Azev\u00eado, decretou que a concess\u00e3o de di\u00e1rias e passagens, para participa\u00e7\u00e3o de servidor ou titular de \u00f3rg\u00e3o ou entidade do&hellip; <\/p>\n","protected":false},"author":1,"featured_media":124197,"comment_status":"closed","ping_status":"closed","sticky":false,"template":"","format":"standard","meta":{"sfsi_plus_gutenberg_text_before_share":"","sfsi_plus_gutenberg_show_text_before_share":"","sfsi_plus_gutenberg_icon_type":"","sfsi_plus_gutenberg_icon_alignemt":"","sfsi_plus_gutenburg_max_per_row":"","footnotes":""},"categories":[2],"tags":[],"class_list":["post-133556","post","type-post","status-publish","format-standard","has-post-thumbnail","hentry","category-geral"],"_links":{"self":[{"href":"https:\/\/www.caririemacao.com\/1\/wp-json\/wp\/v2\/posts\/133556","targetHints":{"allow":["GET"]}}],"collection":[{"href":"https:\/\/www.caririemacao.com\/1\/wp-json\/wp\/v2\/posts"}],"about":[{"href":"https:\/\/www.caririemacao.com\/1\/wp-json\/wp\/v2\/types\/post"}],"author":[{"embeddable":true,"href":"https:\/\/www.caririemacao.com\/1\/wp-json\/wp\/v2\/users\/1"}],"replies":[{"embeddable":true,"href":"https:\/\/www.caririemacao.com\/1\/wp-json\/wp\/v2\/comments?post=133556"}],"version-history":[{"count":1,"href":"https:\/\/www.caririemacao.com\/1\/wp-json\/wp\/v2\/posts\/133556\/revisions"}],"predecessor-version":[{"id":133557,"href":"https:\/\/www.caririemacao.com\/1\/wp-json\/wp\/v2\/posts\/133556\/revisions\/133557"}],"wp:featuredmedia":[{"embeddable":true,"href":"https:\/\/www.caririemacao.com\/1\/wp-json\/wp\/v2\/media\/124197"}],"wp:attachment":[{"href":"https:\/\/www.caririemacao.com\/1\/wp-json\/wp\/v2\/media?parent=133556"}],"wp:term":[{"taxonomy":"category","embeddable":true,"href":"https:\/\/www.caririemacao.com\/1\/wp-json\/wp\/v2\/categories?post=133556"},{"taxonomy":"post_tag","embeddable":true,"href":"https:\/\/www.caririemacao.com\/1\/wp-json\/wp\/v2\/tags?post=133556"}],"curies":[{"name":"wp","href":"https:\/\/api.w.org\/{rel}","templated":true}]}}