{"id":133564,"date":"2019-11-08T10:45:40","date_gmt":"2019-11-08T13:45:40","guid":{"rendered":"http:\/\/www.caririemacao.com\/1\/?p=133564"},"modified":"2019-11-08T10:45:40","modified_gmt":"2019-11-08T13:45:40","slug":"enem-o-que-esperar-do-segundo-dia-de-provas","status":"publish","type":"post","link":"https:\/\/www.caririemacao.com\/1\/2019\/11\/08\/enem-o-que-esperar-do-segundo-dia-de-provas\/","title":{"rendered":"Enem: o que esperar do segundo dia de provas"},"content":{"rendered":"\n<p>Neste domingo (10), estudantes de todo o pa\u00eds far\u00e3o as provas de matem\u00e1tica e ci\u00eancias da natureza do Exame Nacional do Ensino M\u00e9dio (Enem). As provas do \u00faltimo domingo (3) podem dar ind\u00edcios de como ser\u00e1 esse segundo dia de exame, de acordo com professores entrevistados pela&nbsp;<strong>Ag\u00eancia Brasil<\/strong>.&nbsp;<\/p>\n\n\n\n<p>Segundo a tend\u00eancia do primeiro dia de exame, \u201ca prova est\u00e1 prometendo ser um pouco menor, com<a href=\"http:\/\/agenciabrasil.ebc.com.br\/educacao\/noticia\/2019-11\/enem-esta-mais-enxuto-e-mais-conteudista-afirmam-professores\" target=\"_blank\" rel=\"noreferrer noopener\">&nbsp;textos mais enxutos<\/a>\u201d, diz o professor de f\u00edsica Leonardo Gomes, do curso&nbsp;<em>online<\/em>&nbsp;Descomplica. Mas isso n\u00e3o pode fazer com que os estudantes descuidem da interpreta\u00e7\u00e3o de texto. \u201c\u00c9 importante buscar nos textos partes que importam [para a resolu\u00e7\u00e3o da quest\u00e3o] e n\u00e3o sejam levados por palavras que n\u00e3o servem para nada\u201d, acrescenta.&nbsp;<\/p>\n\n\n\n<p>No segundo dia de aplica\u00e7\u00e3o, os estudantes ter\u00e3o meia hora a menos, ou seja, cinco horas para resolver todas as quest\u00f5es da prova. Isso significa, de acordo com Gomes, que ter\u00e3o, em m\u00e9dia, tr\u00eas minutos para cada quest\u00e3o.&nbsp;<\/p>\n\n\n\n<p>\u201cO desperd\u00edcio de tempo \u00e9 um grave problema. A cada 30 minutos, quando o fiscal tirar o papelzinho do tempo, o candidato tem que ter marcado 10 quest\u00f5es\u201d,&nbsp;<a href=\"http:\/\/agenciabrasil.ebc.com.br\/educacao\/noticia\/2019-11\/enem-2019-importante-saber-como-funciona-o-sistema-de-correcao\" target=\"_blank\" rel=\"noreferrer noopener\">recomenda o professor<\/a>. Para isso, a dica \u00e9 buscar sempre as quest\u00f5es mais f\u00e1ceis e, depois, voltar nas quest\u00f5es dif\u00edceis.<\/p>\n\n\n\n<p>No segundo dia de prova, \u00e9 importante tamb\u00e9m repetir o que funcionou no primeiro, segundo o professor. \u201cDistribui\u00e7\u00e3o do tempo de prova, chegada ao local do exame. Fazer do mesmo jeito para n\u00e3o ter problema e n\u00e3o chegar atrasado. Ir com calma, que vai dar tudo certo\u201d, sugere o professor de matem\u00e1tica do col\u00e9gio Marista Jo\u00e3o Paulo II, em Bras\u00edlia, Leonardo Sim\u00f5es.<\/p>\n\n\n\n<p>Nessa reta final, a recomenda\u00e7\u00e3o de Sim\u00f5es \u00e9 que os estudantes fa\u00e7am o que os deixar mais tranquilos. \u201cCada estudante tem um m\u00e9todo. Alguns relaxam estudando e alguns saindo. Tem que identificar o que mais satisfaz para a realiza\u00e7\u00e3o do exame no domingo\u201d, diz. Para quem se sente melhor preparado estudando, uma dica \u00e9 fazer quest\u00f5es de provas antigas. O professor recomenda a revis\u00e3o dos seguintes conte\u00fados: raz\u00e3o, propor\u00e7\u00e3o, porcentagem, geometria plana &#8211; \u00e1reas de figuras planas, geometria espacial &#8211; volume dos s\u00f3lidos geom\u00e9tricos, probabilidade, estat\u00edstica e fun\u00e7\u00f5es.<\/p>\n\n\n\n<h2 class=\"wp-block-heading\">Na hora da prova<\/h2>\n\n\n\n<p>Na hora da prova, de acordo com o professor de qu\u00edmica Allan Rodriges, do Descomplica, para quem estiver nervoso, exerc\u00edcios de respira\u00e7\u00e3o podem ajudar. \u201cA minha dica inicial, de cara, para controlar o emocional na prova, \u00e9 a respira\u00e7\u00e3o. A respira\u00e7\u00e3o oxigena o c\u00e9rebro e faz com que o estudante fique mais tranquilo. Se se sentir nervoso, pare, feche os olhos, respire fundo. Isso reduz os batimentos card\u00edacos. Se estiver muito abalado, tome \u00e1gua, v\u00e1 ao banheiro\u201d, diz.&nbsp;<\/p>\n\n\n\n<p>\u201c\u00c9 um dia de muita conta, com matem\u00e1tica, f\u00edsica, qu\u00edmica, biologia. Ent\u00e3o, as pessoas t\u00eam que ir preparadas para fazer contas. E, com isso, acho que a grande estrat\u00e9gia \u00e9 pensar que j\u00e1 que vai fazer muita conta, tentar dissolver as quest\u00f5es que envolvem mais n\u00fameros com quest\u00f5es te\u00f3ricas, de biologia, por exemplo\u201d, recomenda.&nbsp;<\/p>\n\n\n\n<p>Aos estudantes que est\u00e3o ainda nervosos com o desempenho no primeiro dia, Rodrigues refor\u00e7a: \u201cO que passou, passou. N\u00e3o tem como prever a nota\u201d.<\/p>\n\n\n\n<h2 class=\"wp-block-heading\">Enem 2019<\/h2>\n\n\n\n<p>O Enem come\u00e7ou a ser aplicado no \u00faltimo domingo (3), quando&nbsp;<a href=\"http:\/\/agenciabrasil.ebc.com.br\/educacao\/noticia\/2019-11\/enem-12-milhao-de-inscritos-faltaram-376-foram-eliminados\" target=\"_blank\" rel=\"noreferrer noopener\">3,9 milh\u00f5es de participantes<\/a>&nbsp;fizeram as provas de linguagens, ci\u00eancias humanas e reda\u00e7\u00e3o. Aqueles que faltaram no primeiro dia, podem fazer o exame neste domingo, mas a prova servir\u00e1 apenas para&nbsp;<a href=\"http:\/\/agenciabrasil.ebc.com.br\/educacao\/noticia\/2019-11\/enem-servira-apenas-para-autoavaliacao-de-quem-faltou-o-primeiro-dia\" target=\"_blank\" rel=\"noreferrer noopener\">autoavalia\u00e7\u00e3o<\/a>.<\/p>\n\n\n\n<p>As&nbsp;<a href=\"http:\/\/agenciabrasil.ebc.com.br\/educacao\/noticia\/2019-11\/confira-o-que-pode-e-o-que-nao-pode-no-enem\" target=\"_blank\" rel=\"noreferrer noopener\">regras do exame<\/a>&nbsp;s\u00e3o as mesmas do \u00faltimo domingo. Os port\u00f5es abrir\u00e3o \u00e0s 12h e fechar\u00e3o \u00e0s 13h, no hor\u00e1rio de Bras\u00edlia. O&nbsp;<a href=\"http:\/\/agenciabrasil.ebc.com.br\/educacao\/noticia\/2019-11\/gabaritos-do-enem-serao-divulgados-no-dia-13-de-novembro\" target=\"_blank\" rel=\"noreferrer noopener\">gabarito oficial<\/a>&nbsp;do Enem ser\u00e1 divulgado no dia 13 de novembro.<\/p>\n\n\n\n<h2 class=\"wp-block-heading\">Reta final<\/h2>\n\n\n\n<p>Para se preparar para o Enem, a&nbsp;<strong>Empresa Brasil de Comunica\u00e7\u00e3o<\/strong>&nbsp;(<strong>EBC<\/strong>) disponibiliza, gratuitamente, o portal&nbsp;<a href=\"http:\/\/questoesenem.ebc.com.br\/estudante\/entrar\/\" target=\"_blank\" rel=\"noreferrer noopener\">Quest\u00f5es Enem<\/a>. L\u00e1 os estudantes t\u00eam acesso a quest\u00f5es que foram aplicadas no Enem de 2009 a 2018.&nbsp;<\/p>\n\n\n\n<p>O candidato faz um cadastro e pode escolher inclusive a \u00e1rea de conhecimento que deseja treinar. O&nbsp;<em>site<\/em>&nbsp;ent\u00e3o sorteia as quest\u00f5es e o estudante recebe depois um gabarito&nbsp;<em>online<\/em>&nbsp;para avaliar o desempenho.<\/p>\n","protected":false},"excerpt":{"rendered":"<p>Neste domingo (10), estudantes de todo o pa\u00eds far\u00e3o as provas de matem\u00e1tica e ci\u00eancias da natureza do Exame Nacional do Ensino M\u00e9dio (Enem). As&hellip; <\/p>\n","protected":false},"author":1,"featured_media":131792,"comment_status":"closed","ping_status":"closed","sticky":false,"template":"","format":"standard","meta":{"sfsi_plus_gutenberg_text_before_share":"","sfsi_plus_gutenberg_show_text_before_share":"","sfsi_plus_gutenberg_icon_type":"","sfsi_plus_gutenberg_icon_alignemt":"","sfsi_plus_gutenburg_max_per_row":"","footnotes":""},"categories":[14],"tags":[],"class_list":["post-133564","post","type-post","status-publish","format-standard","has-post-thumbnail","hentry","category-educacao"],"_links":{"self":[{"href":"https:\/\/www.caririemacao.com\/1\/wp-json\/wp\/v2\/posts\/133564","targetHints":{"allow":["GET"]}}],"collection":[{"href":"https:\/\/www.caririemacao.com\/1\/wp-json\/wp\/v2\/posts"}],"about":[{"href":"https:\/\/www.caririemacao.com\/1\/wp-json\/wp\/v2\/types\/post"}],"author":[{"embeddable":true,"href":"https:\/\/www.caririemacao.com\/1\/wp-json\/wp\/v2\/users\/1"}],"replies":[{"embeddable":true,"href":"https:\/\/www.caririemacao.com\/1\/wp-json\/wp\/v2\/comments?post=133564"}],"version-history":[{"count":1,"href":"https:\/\/www.caririemacao.com\/1\/wp-json\/wp\/v2\/posts\/133564\/revisions"}],"predecessor-version":[{"id":133565,"href":"https:\/\/www.caririemacao.com\/1\/wp-json\/wp\/v2\/posts\/133564\/revisions\/133565"}],"wp:featuredmedia":[{"embeddable":true,"href":"https:\/\/www.caririemacao.com\/1\/wp-json\/wp\/v2\/media\/131792"}],"wp:attachment":[{"href":"https:\/\/www.caririemacao.com\/1\/wp-json\/wp\/v2\/media?parent=133564"}],"wp:term":[{"taxonomy":"category","embeddable":true,"href":"https:\/\/www.caririemacao.com\/1\/wp-json\/wp\/v2\/categories?post=133564"},{"taxonomy":"post_tag","embeddable":true,"href":"https:\/\/www.caririemacao.com\/1\/wp-json\/wp\/v2\/tags?post=133564"}],"curies":[{"name":"wp","href":"https:\/\/api.w.org\/{rel}","templated":true}]}}