{"id":133568,"date":"2019-11-08T10:49:17","date_gmt":"2019-11-08T13:49:17","guid":{"rendered":"http:\/\/www.caririemacao.com\/1\/?p=133568"},"modified":"2019-11-08T10:49:17","modified_gmt":"2019-11-08T13:49:17","slug":"ibge-industria-cresce-no-nordeste-e-sul-sp-e-rj-tem-queda","status":"publish","type":"post","link":"https:\/\/www.caririemacao.com\/1\/2019\/11\/08\/ibge-industria-cresce-no-nordeste-e-sul-sp-e-rj-tem-queda\/","title":{"rendered":"IBGE: ind\u00fastria cresce no Nordeste e Sul; SP e RJ t\u00eam queda"},"content":{"rendered":"\n<p>A produ\u00e7\u00e3o da ind\u00fastria cresceu em setembro em 10 dos 15 estados pesquisados pelo Instituto Brasileiro de Geografia e Estat\u00edstica (IBGE), que divulgou hoje (8) os resultados regionais dos Indicadores Conjunturais da Ind\u00fastria. As regi\u00f5es Sul e Nordeste tiveram alta nos resultados, na compara\u00e7\u00e3o com o m\u00eas de agosto, enquanto houve queda em parte do Sudeste, no Norte e em Goi\u00e1s.<\/p>\n\n\n\n<p>Os resultados regionais&nbsp;<a href=\"http:\/\/agenciabrasil.ebc.com.br\/economia\/noticia\/2019-11\/producao-industrial-cresce-03-de-agosto-para-setembro\" target=\"_blank\" rel=\"noreferrer noopener\">detalham a m\u00e9dia nacional<\/a>&nbsp;divulgada no in\u00edcio do m\u00eas, que foi uma alta de 0,3% na compara\u00e7\u00e3o com agosto.<\/p>\n\n\n\n<p>O Sudeste, S\u00e3o Paulo e o Rio de Janeiro tiveram recuos no setor em setembro. A ind\u00fastria paulista caiu 1,4%, enquanto a fluminense, 0,6%. Minas Gerais e o Esp\u00edrito Santo, por outro lado, tiveram altas de 2,4% e 2,5%, respectivamente.<\/p>\n\n\n\n<p>O \u00edndice geral da Regi\u00e3o Nordeste teve alta de 3,3%, puxado principalmente pela Bahia, onde a ind\u00fastria avan\u00e7ou 4,3%. Os outros dois estados da regi\u00e3o que fazem parte da pesquisa tamb\u00e9m tiveram alta: Cear\u00e1 (0,2%) e Pernambuco (2,3%).<\/p>\n\n\n\n<p>No Sul, os tr\u00eas estados registraram expans\u00e3o, sendo de 1,3% no Paran\u00e1, 2,1% em Santa Catarina e 2,9% no Rio Grande do Sul. &nbsp;<\/p>\n\n\n\n<p>A maior queda foi registrada no Par\u00e1, de 8,3%, e o Amazonas tamb\u00e9m teve recuo, de 1,6%. No Centro-Oeste, Mato-Grosso teve alta de 2%, e Goi\u00e1s caiu 0,1%.<\/p>\n\n\n\n<p>Quando os resultados regionais s\u00e3o comparados com setembro de 2018, sete estados e a Regi\u00e3o Nordeste apresentam queda, e seis estados tiveram alta na produ\u00e7\u00e3o, apesar de setembro de 2019 ter contado com dois dias \u00fateis a mais que o mesmo m\u00eas do ano passado. O Cear\u00e1 teve zero de varia\u00e7\u00e3o nessa base de compara\u00e7\u00e3o.<\/p>\n\n\n\n<p>Entre os seis que cresceram frente a 2018, destacam-se o Amazonas, com alta de 16,7%. Paran\u00e1 (7,4%), Rio de Janeiro (7,0%), Santa Catarina (5,2%), S\u00e3o Paulo (3,6%) e Goi\u00e1s (1,6%). O Esp\u00edrito Santo (-14,1%) e Pernambuco (-7,6%) se destacaram no sentido contr\u00e1rio, com as maiores quedas.<\/p>\n\n\n\n<p>Ao longo de 2019, o Brasil acumula queda de 1,4% na produ\u00e7\u00e3o industrial, e sete estados acompanham o resultado negativo: Par\u00e1 (-1,1%), Pernambuco (-3%), Bahia (-2,9%), Minas Gerais (-4,6%), Esp\u00edrito Santo (-13%), S\u00e3o Paulo (-0,1%) e Mato Grosso (-4,2%), al\u00e9m da Regi\u00e3o Nordeste (-4,3%). A maior alta no acumulado de 2019 \u00e9 do Paran\u00e1, com 6,7%. &nbsp;<\/p>\n\n\n\n<p>Os dados de setembro encerram o terceiro trimestre de 2019,, e a produ\u00e7\u00e3o teve queda de 1,2% na compara\u00e7\u00e3o com o mesmo trimestre do ano anterior. Seis estados e a Regi\u00e3o Nordeste tiveram queda no trimestre, enquanto oito tiveram alta.<\/p>\n","protected":false},"excerpt":{"rendered":"<p>A produ\u00e7\u00e3o da ind\u00fastria cresceu em setembro em 10 dos 15 estados pesquisados pelo Instituto Brasileiro de Geografia e Estat\u00edstica (IBGE), que divulgou hoje (8)&hellip; <\/p>\n","protected":false},"author":1,"featured_media":133569,"comment_status":"closed","ping_status":"closed","sticky":false,"template":"","format":"standard","meta":{"sfsi_plus_gutenberg_text_before_share":"","sfsi_plus_gutenberg_show_text_before_share":"","sfsi_plus_gutenberg_icon_type":"","sfsi_plus_gutenberg_icon_alignemt":"","sfsi_plus_gutenburg_max_per_row":"","footnotes":""},"categories":[2],"tags":[],"class_list":["post-133568","post","type-post","status-publish","format-standard","has-post-thumbnail","hentry","category-geral"],"_links":{"self":[{"href":"https:\/\/www.caririemacao.com\/1\/wp-json\/wp\/v2\/posts\/133568","targetHints":{"allow":["GET"]}}],"collection":[{"href":"https:\/\/www.caririemacao.com\/1\/wp-json\/wp\/v2\/posts"}],"about":[{"href":"https:\/\/www.caririemacao.com\/1\/wp-json\/wp\/v2\/types\/post"}],"author":[{"embeddable":true,"href":"https:\/\/www.caririemacao.com\/1\/wp-json\/wp\/v2\/users\/1"}],"replies":[{"embeddable":true,"href":"https:\/\/www.caririemacao.com\/1\/wp-json\/wp\/v2\/comments?post=133568"}],"version-history":[{"count":1,"href":"https:\/\/www.caririemacao.com\/1\/wp-json\/wp\/v2\/posts\/133568\/revisions"}],"predecessor-version":[{"id":133570,"href":"https:\/\/www.caririemacao.com\/1\/wp-json\/wp\/v2\/posts\/133568\/revisions\/133570"}],"wp:featuredmedia":[{"embeddable":true,"href":"https:\/\/www.caririemacao.com\/1\/wp-json\/wp\/v2\/media\/133569"}],"wp:attachment":[{"href":"https:\/\/www.caririemacao.com\/1\/wp-json\/wp\/v2\/media?parent=133568"}],"wp:term":[{"taxonomy":"category","embeddable":true,"href":"https:\/\/www.caririemacao.com\/1\/wp-json\/wp\/v2\/categories?post=133568"},{"taxonomy":"post_tag","embeddable":true,"href":"https:\/\/www.caririemacao.com\/1\/wp-json\/wp\/v2\/tags?post=133568"}],"curies":[{"name":"wp","href":"https:\/\/api.w.org\/{rel}","templated":true}]}}