{"id":133586,"date":"2019-11-08T11:28:02","date_gmt":"2019-11-08T14:28:02","guid":{"rendered":"http:\/\/www.caririemacao.com\/1\/?p=133586"},"modified":"2019-11-08T11:28:02","modified_gmt":"2019-11-08T14:28:02","slug":"churrasco-colocar-o-sal-antes-ou-depois-de-assar-a-carne","status":"publish","type":"post","link":"https:\/\/www.caririemacao.com\/1\/2019\/11\/08\/churrasco-colocar-o-sal-antes-ou-depois-de-assar-a-carne\/","title":{"rendered":"Churrasco: colocar o sal antes ou depois de assar a carne?"},"content":{"rendered":"\n<p>N\u00e3o h\u00e1 d\u00favidas de que uma das grandes prefer\u00eancias nacionais \u00e9 o churrasco. Por\u00e9m, o preparo deste prato n\u00e3o \u00e9 t\u00e3o simples e tem seus segredos para que a refei\u00e7\u00e3o fique ainda mais saborosa.<\/p>\n\n\n\n<p>Um dos maiores especialistas do assunto na Para\u00edba \u00e9 Marcos Savegnago, propriet\u00e1rio do Rei das Carnes, rede que possui duas lojas em Jo\u00e3o Pessoa e uma em Cabedelo, empregando 50 funcion\u00e1rios.<\/p>\n\n\n\n<p>Em entrevista ao ClickPB, Marcos revelou um dos principais segredos para real\u00e7ar o sabor do churrasco: o momento exato de salgar a carne.<\/p>\n\n\n\n<p>De acordo com Marcos, tudo vai depender de qual ponto \u00e9 a prefer\u00eancia na hora de consumir a carne. \u201cSe voc\u00ea quer uma carne um pouco mais do ponto pra mais, recomendo que voc\u00ea coloque o sal antes\u201d, pontuou o empres\u00e1rio.<\/p>\n\n\n\n<p>J\u00e1 se a prefer\u00eancia \u00e9 por uma carne com ponto para menos, a recomenda\u00e7\u00e3o \u00e9 colocar o sal logo ap\u00f3s cortar a carne, diretamente no suco. \u201cQuando voc\u00ea cortou que ficou aquela listra rosada, voc\u00ea coloca o sal ali que o sal vai desmanchar. Voc\u00ea vai consumir menos sal, que \u00e9 muito importante para a sa\u00fade e vai ter uma experi\u00eancia incr\u00edvel\u201d, explica Macos Savegnago.<\/p>\n","protected":false},"excerpt":{"rendered":"<p>N\u00e3o h\u00e1 d\u00favidas de que uma das grandes prefer\u00eancias nacionais \u00e9 o churrasco. Por\u00e9m, o preparo deste prato n\u00e3o \u00e9 t\u00e3o simples e tem seus&hellip; <\/p>\n","protected":false},"author":1,"featured_media":133588,"comment_status":"closed","ping_status":"closed","sticky":false,"template":"","format":"standard","meta":{"sfsi_plus_gutenberg_text_before_share":"","sfsi_plus_gutenberg_show_text_before_share":"","sfsi_plus_gutenberg_icon_type":"","sfsi_plus_gutenberg_icon_alignemt":"","sfsi_plus_gutenburg_max_per_row":"","footnotes":""},"categories":[2],"tags":[],"class_list":["post-133586","post","type-post","status-publish","format-standard","has-post-thumbnail","hentry","category-geral"],"_links":{"self":[{"href":"https:\/\/www.caririemacao.com\/1\/wp-json\/wp\/v2\/posts\/133586","targetHints":{"allow":["GET"]}}],"collection":[{"href":"https:\/\/www.caririemacao.com\/1\/wp-json\/wp\/v2\/posts"}],"about":[{"href":"https:\/\/www.caririemacao.com\/1\/wp-json\/wp\/v2\/types\/post"}],"author":[{"embeddable":true,"href":"https:\/\/www.caririemacao.com\/1\/wp-json\/wp\/v2\/users\/1"}],"replies":[{"embeddable":true,"href":"https:\/\/www.caririemacao.com\/1\/wp-json\/wp\/v2\/comments?post=133586"}],"version-history":[{"count":1,"href":"https:\/\/www.caririemacao.com\/1\/wp-json\/wp\/v2\/posts\/133586\/revisions"}],"predecessor-version":[{"id":133589,"href":"https:\/\/www.caririemacao.com\/1\/wp-json\/wp\/v2\/posts\/133586\/revisions\/133589"}],"wp:featuredmedia":[{"embeddable":true,"href":"https:\/\/www.caririemacao.com\/1\/wp-json\/wp\/v2\/media\/133588"}],"wp:attachment":[{"href":"https:\/\/www.caririemacao.com\/1\/wp-json\/wp\/v2\/media?parent=133586"}],"wp:term":[{"taxonomy":"category","embeddable":true,"href":"https:\/\/www.caririemacao.com\/1\/wp-json\/wp\/v2\/categories?post=133586"},{"taxonomy":"post_tag","embeddable":true,"href":"https:\/\/www.caririemacao.com\/1\/wp-json\/wp\/v2\/tags?post=133586"}],"curies":[{"name":"wp","href":"https:\/\/api.w.org\/{rel}","templated":true}]}}