{"id":133587,"date":"2019-11-08T11:36:42","date_gmt":"2019-11-08T14:36:42","guid":{"rendered":"http:\/\/www.caririemacao.com\/1\/?p=133587"},"modified":"2019-11-08T11:36:42","modified_gmt":"2019-11-08T14:36:42","slug":"cariri-em-acao-divulga-pesquisa-do-premio-referencia-2019-nesta-segunda-feira-11","status":"publish","type":"post","link":"https:\/\/www.caririemacao.com\/1\/2019\/11\/08\/cariri-em-acao-divulga-pesquisa-do-premio-referencia-2019-nesta-segunda-feira-11\/","title":{"rendered":"Cariri em A\u00e7\u00e3o divulga pesquisa do PR\u00caMIO REFER\u00caNCIA 2019 nesta segunda-feira (11)"},"content":{"rendered":"\n<p>Depois de quase 3 mil quil\u00f4metros de estradas, uma equipe com 16 pesquisadores e quase 4 mil question\u00e1rios aplicados, chegou a hora de conhecer quais s\u00e3o as refer\u00eancias da regi\u00e3o.<\/p>\n\n\n\n<p>Os resultados da pesquisas realizadas em 24 munic\u00edpios na Para\u00edba e Pernambuco ser\u00e3o divulgados nesta pr\u00f3xima segunda-feira, dia 11 de novembro, a partir das 19h, no Sal\u00e3o de recep\u00e7\u00f5es de Irlan Festdecor na cidade de Monteiro\/PB, com transmiss\u00e3o ao vivo e divulga\u00e7\u00e3o no site e nas redes sociais do Cariri em A\u00e7\u00e3o.<\/p>\n\n\n\n<p>A Cerim\u00f4nia de Premia\u00e7\u00e3o\nocorrer\u00e1 no dia 07 de dezembro, no clube Alexandre da Silva Brito na cidade de\nMonteiro\/PB. Maiores informa\u00e7\u00f5es com Marivaldo Alc\u00e2ntara (83) 996345791.<\/p>\n\n\n\n<p>Pr\u00eamio Refer\u00eancia 2019 \u2013 mais que um pr\u00eamio, um incentivo as refer\u00eancias da regi\u00e3o!!! Uma realiza\u00e7\u00e3o CARIRI EM A\u00c7\u00c3O.<\/p>\n","protected":false},"excerpt":{"rendered":"<p>Depois de quase 3 mil quil\u00f4metros de estradas, uma equipe com 16 pesquisadores e quase 4 mil question\u00e1rios aplicados, chegou a hora de conhecer quais&hellip; <\/p>\n","protected":false},"author":2,"featured_media":133593,"comment_status":"closed","ping_status":"closed","sticky":false,"template":"","format":"standard","meta":{"sfsi_plus_gutenberg_text_before_share":"","sfsi_plus_gutenberg_show_text_before_share":"","sfsi_plus_gutenberg_icon_type":"","sfsi_plus_gutenberg_icon_alignemt":"","sfsi_plus_gutenburg_max_per_row":"","footnotes":""},"categories":[50,66],"tags":[],"class_list":["post-133587","post","type-post","status-publish","format-standard","has-post-thumbnail","hentry","category-destaque","category-premio-referencia-2019"],"_links":{"self":[{"href":"https:\/\/www.caririemacao.com\/1\/wp-json\/wp\/v2\/posts\/133587","targetHints":{"allow":["GET"]}}],"collection":[{"href":"https:\/\/www.caririemacao.com\/1\/wp-json\/wp\/v2\/posts"}],"about":[{"href":"https:\/\/www.caririemacao.com\/1\/wp-json\/wp\/v2\/types\/post"}],"author":[{"embeddable":true,"href":"https:\/\/www.caririemacao.com\/1\/wp-json\/wp\/v2\/users\/2"}],"replies":[{"embeddable":true,"href":"https:\/\/www.caririemacao.com\/1\/wp-json\/wp\/v2\/comments?post=133587"}],"version-history":[{"count":1,"href":"https:\/\/www.caririemacao.com\/1\/wp-json\/wp\/v2\/posts\/133587\/revisions"}],"predecessor-version":[{"id":133599,"href":"https:\/\/www.caririemacao.com\/1\/wp-json\/wp\/v2\/posts\/133587\/revisions\/133599"}],"wp:featuredmedia":[{"embeddable":true,"href":"https:\/\/www.caririemacao.com\/1\/wp-json\/wp\/v2\/media\/133593"}],"wp:attachment":[{"href":"https:\/\/www.caririemacao.com\/1\/wp-json\/wp\/v2\/media?parent=133587"}],"wp:term":[{"taxonomy":"category","embeddable":true,"href":"https:\/\/www.caririemacao.com\/1\/wp-json\/wp\/v2\/categories?post=133587"},{"taxonomy":"post_tag","embeddable":true,"href":"https:\/\/www.caririemacao.com\/1\/wp-json\/wp\/v2\/tags?post=133587"}],"curies":[{"name":"wp","href":"https:\/\/api.w.org\/{rel}","templated":true}]}}