{"id":133592,"date":"2019-11-08T11:30:52","date_gmt":"2019-11-08T14:30:52","guid":{"rendered":"http:\/\/www.caririemacao.com\/1\/?p=133592"},"modified":"2019-11-08T11:30:52","modified_gmt":"2019-11-08T14:30:52","slug":"ibge-revisa-pib-de-2017-de-1-para-13","status":"publish","type":"post","link":"https:\/\/www.caririemacao.com\/1\/2019\/11\/08\/ibge-revisa-pib-de-2017-de-1-para-13\/","title":{"rendered":"IBGE revisa PIB de 2017 de 1% para 1,3%"},"content":{"rendered":"\n<p>O Produto Interno Bruto do Brasil (PIB, soma dos bens e dos servi\u00e7os produzidos no pa\u00eds) cresceu 1,3% em 2017, anunciou hoje (8), o Instituto Brasileiro de Geografia e Estat\u00edstica (IBGE), ap\u00f3s uma an\u00e1lise mais detalhada sobre o movimento da economia naquele ano, que interrompeu a recess\u00e3o de 2015 e 2016.<\/p>\n\n\n\n<p>O instituto acompanha e publica trimestralmente os resultados do PIB, mas, ap\u00f3s essa divulga\u00e7\u00e3o, os pesquisadores continuam a atualizar a metodologia e reunir informa\u00e7\u00f5es mais detalhadas, como balan\u00e7os de empresas e dados da Receita Federal, que servem para produzir um estudo mais amplo sobre a economia.<\/p>\n\n\n\n<p>Com a consolida\u00e7\u00e3o, o crescimento da economia naquele ano passou de 1% para 1,3%, totalizando R$ 6,583 trilh\u00f5es.<\/p>\n\n\n\n<h2 class=\"wp-block-heading\">Desempenho<\/h2>\n\n\n\n<p>Tamb\u00e9m foram atualizados os dados sobre o desempenho de cada setor da economia. O crescimento da agropecu\u00e1ria passou de 13% para 14,2%; o da ind\u00fastria saiu de uma estabilidade de 0% para uma queda de 0,5%, e dos servi\u00e7os cresceram 0,8% em vez de 0,3%<\/p>\n\n\n\n<p>A taxa de investimento (Forma\u00e7\u00e3o Bruta de Capital Fixo), que havia sido de 15,6%, caiu para 14,6% com a an\u00e1lise mais ampla, o menor patamar desde 1995.<\/p>\n\n\n\n<p>Mais informa\u00e7\u00f5es podem ser conferidas no&nbsp;<a href=\"https:\/\/www.ibge.gov.br\/estatisticas\/economicas\/industria\/9052-sistema-de-contas-nacionais-brasil.html\" target=\"_blank\" rel=\"noreferrer noopener\">Sistema de Contas Nacionais do IBGE<\/a>, que inclui uma s\u00e9rie completa desde 2000.<\/p>\n","protected":false},"excerpt":{"rendered":"<p>O Produto Interno Bruto do Brasil (PIB, soma dos bens e dos servi\u00e7os produzidos no pa\u00eds) cresceu 1,3% em 2017, anunciou hoje (8), o Instituto&hellip; <\/p>\n","protected":false},"author":1,"featured_media":7840,"comment_status":"closed","ping_status":"closed","sticky":false,"template":"","format":"standard","meta":{"sfsi_plus_gutenberg_text_before_share":"","sfsi_plus_gutenberg_show_text_before_share":"","sfsi_plus_gutenberg_icon_type":"","sfsi_plus_gutenberg_icon_alignemt":"","sfsi_plus_gutenburg_max_per_row":"","footnotes":""},"categories":[2],"tags":[],"class_list":["post-133592","post","type-post","status-publish","format-standard","has-post-thumbnail","hentry","category-geral"],"_links":{"self":[{"href":"https:\/\/www.caririemacao.com\/1\/wp-json\/wp\/v2\/posts\/133592","targetHints":{"allow":["GET"]}}],"collection":[{"href":"https:\/\/www.caririemacao.com\/1\/wp-json\/wp\/v2\/posts"}],"about":[{"href":"https:\/\/www.caririemacao.com\/1\/wp-json\/wp\/v2\/types\/post"}],"author":[{"embeddable":true,"href":"https:\/\/www.caririemacao.com\/1\/wp-json\/wp\/v2\/users\/1"}],"replies":[{"embeddable":true,"href":"https:\/\/www.caririemacao.com\/1\/wp-json\/wp\/v2\/comments?post=133592"}],"version-history":[{"count":1,"href":"https:\/\/www.caririemacao.com\/1\/wp-json\/wp\/v2\/posts\/133592\/revisions"}],"predecessor-version":[{"id":133594,"href":"https:\/\/www.caririemacao.com\/1\/wp-json\/wp\/v2\/posts\/133592\/revisions\/133594"}],"wp:featuredmedia":[{"embeddable":true,"href":"https:\/\/www.caririemacao.com\/1\/wp-json\/wp\/v2\/media\/7840"}],"wp:attachment":[{"href":"https:\/\/www.caririemacao.com\/1\/wp-json\/wp\/v2\/media?parent=133592"}],"wp:term":[{"taxonomy":"category","embeddable":true,"href":"https:\/\/www.caririemacao.com\/1\/wp-json\/wp\/v2\/categories?post=133592"},{"taxonomy":"post_tag","embeddable":true,"href":"https:\/\/www.caririemacao.com\/1\/wp-json\/wp\/v2\/tags?post=133592"}],"curies":[{"name":"wp","href":"https:\/\/api.w.org\/{rel}","templated":true}]}}