{"id":133598,"date":"2019-11-08T11:38:28","date_gmt":"2019-11-08T14:38:28","guid":{"rendered":"http:\/\/www.caririemacao.com\/1\/?p=133598"},"modified":"2019-11-08T11:38:28","modified_gmt":"2019-11-08T14:38:28","slug":"riscos-da-anorexia-para-a-saude-das-pessoas","status":"publish","type":"post","link":"https:\/\/www.caririemacao.com\/1\/2019\/11\/08\/riscos-da-anorexia-para-a-saude-das-pessoas\/","title":{"rendered":"Riscos da anorexia  para a sa\u00fade das pessoas"},"content":{"rendered":"\n<p><strong>Anorexia&nbsp;<\/strong>\u00e9 uma doen\u00e7a psicol\u00f3gica com consequ\u00eancias f\u00edsicas devastadoras que \u00e9 caracterizada pelo baixo peso corporal e distor\u00e7\u00e3o da imagem corporal com um medo obsessivo de ganhar peso, que se manifesta atrav\u00e9s de privar o organismo de alimentos.<br><\/p>\n\n\n\n<p><br><strong>Anorexia Nervosa&nbsp;<\/strong>\u00e9 normalmente desenvolvida durante a adolesc\u00eancia, no entanto, como todos os transtornos alimentares, pode ser desenvolvida em qualquer idade ou fase da vida, tanto para homens e mulheres.<\/p>\n\n\n\n<p><br><br>Anorexia Nervosa \u00e9 a mais fatal de todas as doen\u00e7as psiqui\u00e1tricas.&nbsp;Restri\u00e7\u00e3o alimentar extrema pode levar \u00e0 fome, desnutri\u00e7\u00e3o e um peso corporal perigosamente baixo que s\u00e3o sin\u00f4nimos de uma s\u00e9rie de problemas de sa\u00fade e em alguns casos at\u00e9 a morte.<br><br><br>Com a anorexia as pessoas podem enfrentar enormes riscos de sa\u00fade, incluindo problemas com o cora\u00e7\u00e3o e problemas de sa\u00fade mental. Os mais graves e vis\u00edveis&nbsp;riscos da anorexia&nbsp; para a sa\u00fade se assemelham aos de fome.&nbsp;O corpo reage \u00e0 falta de alimentos, tornando-se extremamente fina, o desenvolvimento de unhas e cabelos quebradi\u00e7os, pele seca, diminui\u00e7\u00e3o da frequ\u00eancia card\u00edaca, intoler\u00e2ncia ao frio e&nbsp;constipa\u00e7\u00e3o, bem como ocasional&nbsp;diarr\u00e9ia. Al\u00e9m disso, anemia, redu\u00e7\u00e3o da massa muscular, perda do ciclo menstrual e incha\u00e7o das articula\u00e7\u00f5es, muitas vezes acompanha a anorexia. Al\u00e9m de experimentar os riscos \u00e0 sa\u00fade imediatos da anorexia, as pessoas podem sofrer problemas de sa\u00fade a longo prazo, independentemente do tratamento.<br><br><\/p>\n\n\n\n<p><strong>Estes riscos para a sa\u00fade a longo prazo incluem:&nbsp;<\/strong><\/p>\n\n\n\n<ul class=\"wp-block-list\"><li>Problemas card\u00edacos;<\/li><li>Osteoporose;<\/li><li>Problemas de sa\u00fade mental;<\/li><li>Morte. &nbsp;<\/li><\/ul>\n","protected":false},"excerpt":{"rendered":"<p>Anorexia&nbsp;\u00e9 uma doen\u00e7a psicol\u00f3gica com consequ\u00eancias f\u00edsicas devastadoras que \u00e9 caracterizada pelo baixo peso corporal e distor\u00e7\u00e3o da imagem corporal com um medo obsessivo de&hellip; <\/p>\n","protected":false},"author":1,"featured_media":133600,"comment_status":"closed","ping_status":"closed","sticky":false,"template":"","format":"standard","meta":{"sfsi_plus_gutenberg_text_before_share":"","sfsi_plus_gutenberg_show_text_before_share":"","sfsi_plus_gutenberg_icon_type":"","sfsi_plus_gutenberg_icon_alignemt":"","sfsi_plus_gutenburg_max_per_row":"","footnotes":""},"categories":[16],"tags":[],"class_list":["post-133598","post","type-post","status-publish","format-standard","has-post-thumbnail","hentry","category-saude"],"_links":{"self":[{"href":"https:\/\/www.caririemacao.com\/1\/wp-json\/wp\/v2\/posts\/133598","targetHints":{"allow":["GET"]}}],"collection":[{"href":"https:\/\/www.caririemacao.com\/1\/wp-json\/wp\/v2\/posts"}],"about":[{"href":"https:\/\/www.caririemacao.com\/1\/wp-json\/wp\/v2\/types\/post"}],"author":[{"embeddable":true,"href":"https:\/\/www.caririemacao.com\/1\/wp-json\/wp\/v2\/users\/1"}],"replies":[{"embeddable":true,"href":"https:\/\/www.caririemacao.com\/1\/wp-json\/wp\/v2\/comments?post=133598"}],"version-history":[{"count":1,"href":"https:\/\/www.caririemacao.com\/1\/wp-json\/wp\/v2\/posts\/133598\/revisions"}],"predecessor-version":[{"id":133601,"href":"https:\/\/www.caririemacao.com\/1\/wp-json\/wp\/v2\/posts\/133598\/revisions\/133601"}],"wp:featuredmedia":[{"embeddable":true,"href":"https:\/\/www.caririemacao.com\/1\/wp-json\/wp\/v2\/media\/133600"}],"wp:attachment":[{"href":"https:\/\/www.caririemacao.com\/1\/wp-json\/wp\/v2\/media?parent=133598"}],"wp:term":[{"taxonomy":"category","embeddable":true,"href":"https:\/\/www.caririemacao.com\/1\/wp-json\/wp\/v2\/categories?post=133598"},{"taxonomy":"post_tag","embeddable":true,"href":"https:\/\/www.caririemacao.com\/1\/wp-json\/wp\/v2\/tags?post=133598"}],"curies":[{"name":"wp","href":"https:\/\/api.w.org\/{rel}","templated":true}]}}