{"id":133609,"date":"2019-11-08T13:16:49","date_gmt":"2019-11-08T16:16:49","guid":{"rendered":"http:\/\/www.caririemacao.com\/1\/?p=133609"},"modified":"2019-11-08T13:16:49","modified_gmt":"2019-11-08T16:16:49","slug":"prefeito-adriano-wolff-recebe-superintendente-do-incra-da-paraiba-para-discutir-varios-problemas-dos-assentados","status":"publish","type":"post","link":"https:\/\/www.caririemacao.com\/1\/2019\/11\/08\/prefeito-adriano-wolff-recebe-superintendente-do-incra-da-paraiba-para-discutir-varios-problemas-dos-assentados\/","title":{"rendered":"Prefeito Adriano Wolff recebe Superintendente do INCRA da Para\u00edba para discutir v\u00e1rios problemas dos assentados"},"content":{"rendered":"\n<figure class=\"wp-block-image\"><a href=\"https:\/\/1.bp.blogspot.com\/-9nGlF15Lc9w\/XcVV0Obdx0I\/AAAAAAAAG5Q\/Op1PLUCG2IwVZi7XxMZH7kotzChd1MFwgCLcBGAsYHQ\/s1600\/ZZZ.jpg\"><img decoding=\"async\" data-src=\"https:\/\/1.bp.blogspot.com\/-9nGlF15Lc9w\/XcVV0Obdx0I\/AAAAAAAAG5Q\/Op1PLUCG2IwVZi7XxMZH7kotzChd1MFwgCLcBGAsYHQ\/s320\/ZZZ.jpg\" alt=\"\" src=\"data:image\/svg+xml;base64,PHN2ZyB3aWR0aD0iMSIgaGVpZ2h0PSIxIiB4bWxucz0iaHR0cDovL3d3dy53My5vcmcvMjAwMC9zdmciPjwvc3ZnPg==\" class=\"lazyload\" \/><\/a><\/figure>\n\n\n\n<p>A prefeitura de SS do Umbuzeiro promoveu nesta quinta feira, 08, evento que contou com a presen\u00e7a do Superintendente do INCRA da Para\u00edba, Kleyber Oliveira da N\u00f3brega e Presidentes de associa\u00e7\u00f5es de 14 assentamentos<br>Na pauta do encontro, temas relevantes para os assentados como o problema da emiss\u00e3o das DAPs, t\u00edtulos das terras, investimentos em infra estrutura na \u00e1rea agr\u00edcola, al\u00e9m do refinanciamento de d\u00edvidas rurais<br>De acordo com o prefeito Adriano, o Superintendente disse que tem a miss\u00e3o de resolver at\u00e9 o final do ano a quest\u00e3o dos t\u00edtulos das terras dos assentados na Para\u00edba<br><\/p>\n\n\n\n<figure class=\"wp-block-image\"><a href=\"https:\/\/1.bp.blogspot.com\/-2BEqXjrneZE\/XcVV0aujiSI\/AAAAAAAAG5Y\/hJm6XyIsBA4rL8L3TxUgmd1BX0-JKDD8QCLcBGAsYHQ\/s1600\/ZZ.jpg\"><img decoding=\"async\" data-src=\"https:\/\/1.bp.blogspot.com\/-2BEqXjrneZE\/XcVV0aujiSI\/AAAAAAAAG5Y\/hJm6XyIsBA4rL8L3TxUgmd1BX0-JKDD8QCLcBGAsYHQ\/s280\/ZZ.jpg\" alt=\"\" src=\"data:image\/svg+xml;base64,PHN2ZyB3aWR0aD0iMSIgaGVpZ2h0PSIxIiB4bWxucz0iaHR0cDovL3d3dy53My5vcmcvMjAwMC9zdmciPjwvc3ZnPg==\" class=\"lazyload\" \/><\/a><\/figure>\n\n\n\n<p>\u201cPedi ao Superintendente do INCRA da Para\u00edba que tivesse um olhar especial pelos assentados do Cariri que muitas vezes foram esquecidos\u201d, afirmou o prefeito.&nbsp;<br>\u201cConsidero muito boa esta vinda de Kleyber aqui, aproximando a institui\u00e7\u00e3o INCRA dos assentados. Foi positivo demais por que na ocasi\u00e3o eles tiraram suas d\u00favidas e puderam conversar pessoalmente com o superintendente que est\u00e1 a cerca de 02 meses no cargo\u201d, completou o prefeito de SS do Umbuzeiro.<br>F\u00c1BIO BRITO<\/p>\n","protected":false},"excerpt":{"rendered":"<p>A prefeitura de SS do Umbuzeiro promoveu nesta quinta feira, 08, evento que contou com a presen\u00e7a do Superintendente do INCRA da Para\u00edba, Kleyber Oliveira&hellip; <\/p>\n","protected":false},"author":1,"featured_media":133610,"comment_status":"closed","ping_status":"closed","sticky":false,"template":"","format":"standard","meta":{"sfsi_plus_gutenberg_text_before_share":"","sfsi_plus_gutenberg_show_text_before_share":"","sfsi_plus_gutenberg_icon_type":"","sfsi_plus_gutenberg_icon_alignemt":"","sfsi_plus_gutenburg_max_per_row":"","footnotes":""},"categories":[6],"tags":[],"class_list":["post-133609","post","type-post","status-publish","format-standard","has-post-thumbnail","hentry","category-cidades"],"_links":{"self":[{"href":"https:\/\/www.caririemacao.com\/1\/wp-json\/wp\/v2\/posts\/133609","targetHints":{"allow":["GET"]}}],"collection":[{"href":"https:\/\/www.caririemacao.com\/1\/wp-json\/wp\/v2\/posts"}],"about":[{"href":"https:\/\/www.caririemacao.com\/1\/wp-json\/wp\/v2\/types\/post"}],"author":[{"embeddable":true,"href":"https:\/\/www.caririemacao.com\/1\/wp-json\/wp\/v2\/users\/1"}],"replies":[{"embeddable":true,"href":"https:\/\/www.caririemacao.com\/1\/wp-json\/wp\/v2\/comments?post=133609"}],"version-history":[{"count":1,"href":"https:\/\/www.caririemacao.com\/1\/wp-json\/wp\/v2\/posts\/133609\/revisions"}],"predecessor-version":[{"id":133611,"href":"https:\/\/www.caririemacao.com\/1\/wp-json\/wp\/v2\/posts\/133609\/revisions\/133611"}],"wp:featuredmedia":[{"embeddable":true,"href":"https:\/\/www.caririemacao.com\/1\/wp-json\/wp\/v2\/media\/133610"}],"wp:attachment":[{"href":"https:\/\/www.caririemacao.com\/1\/wp-json\/wp\/v2\/media?parent=133609"}],"wp:term":[{"taxonomy":"category","embeddable":true,"href":"https:\/\/www.caririemacao.com\/1\/wp-json\/wp\/v2\/categories?post=133609"},{"taxonomy":"post_tag","embeddable":true,"href":"https:\/\/www.caririemacao.com\/1\/wp-json\/wp\/v2\/tags?post=133609"}],"curies":[{"name":"wp","href":"https:\/\/api.w.org\/{rel}","templated":true}]}}