{"id":133614,"date":"2019-11-08T13:18:24","date_gmt":"2019-11-08T16:18:24","guid":{"rendered":"http:\/\/www.caririemacao.com\/1\/?p=133614"},"modified":"2019-11-08T13:18:24","modified_gmt":"2019-11-08T16:18:24","slug":"secretaria-de-agricultura-de-monteiro-realiza-servicos-na-comunidade-dos-bredos","status":"publish","type":"post","link":"https:\/\/www.caririemacao.com\/1\/2019\/11\/08\/secretaria-de-agricultura-de-monteiro-realiza-servicos-na-comunidade-dos-bredos\/","title":{"rendered":"Secretaria de agricultura de Monteiro realiza servi\u00e7os na comunidade dos Br\u00eados"},"content":{"rendered":"\n<p>A secret\u00e1ria de agricultura continua realizando a\u00e7\u00f5es na zona rural, com as m\u00e1quinas da prefeitura atendendo os pedidos da popula\u00e7\u00e3o das comunidades.<br>Esta semana, foi atendida a comunidade do S\u00edtio Bredos, alargando as paredes de barragens e fazendo tamb\u00e9m limpezas de v\u00e1rias outras.<br>\u201cO detalhe \u00e9 que em todas as comunidades nas quais os servi\u00e7os est\u00e3o sendo realizados, os agricultores e moradores tem agradecido bastante o empenho da Prefeita Lorena e de toda a equipe\u201d, destacou o secret\u00e1rio Alfredo Viana.<br>F\u00c1BIO BRITO<\/p>\n","protected":false},"excerpt":{"rendered":"<p>A secret\u00e1ria de agricultura continua realizando a\u00e7\u00f5es na zona rural, com as m\u00e1quinas da prefeitura atendendo os pedidos da popula\u00e7\u00e3o das comunidades.Esta semana, foi atendida&hellip; <\/p>\n","protected":false},"author":1,"featured_media":133615,"comment_status":"closed","ping_status":"closed","sticky":false,"template":"","format":"standard","meta":{"sfsi_plus_gutenberg_text_before_share":"","sfsi_plus_gutenberg_show_text_before_share":"","sfsi_plus_gutenberg_icon_type":"","sfsi_plus_gutenberg_icon_alignemt":"","sfsi_plus_gutenburg_max_per_row":"","footnotes":""},"categories":[6],"tags":[],"class_list":["post-133614","post","type-post","status-publish","format-standard","has-post-thumbnail","hentry","category-cidades"],"_links":{"self":[{"href":"https:\/\/www.caririemacao.com\/1\/wp-json\/wp\/v2\/posts\/133614","targetHints":{"allow":["GET"]}}],"collection":[{"href":"https:\/\/www.caririemacao.com\/1\/wp-json\/wp\/v2\/posts"}],"about":[{"href":"https:\/\/www.caririemacao.com\/1\/wp-json\/wp\/v2\/types\/post"}],"author":[{"embeddable":true,"href":"https:\/\/www.caririemacao.com\/1\/wp-json\/wp\/v2\/users\/1"}],"replies":[{"embeddable":true,"href":"https:\/\/www.caririemacao.com\/1\/wp-json\/wp\/v2\/comments?post=133614"}],"version-history":[{"count":1,"href":"https:\/\/www.caririemacao.com\/1\/wp-json\/wp\/v2\/posts\/133614\/revisions"}],"predecessor-version":[{"id":133616,"href":"https:\/\/www.caririemacao.com\/1\/wp-json\/wp\/v2\/posts\/133614\/revisions\/133616"}],"wp:featuredmedia":[{"embeddable":true,"href":"https:\/\/www.caririemacao.com\/1\/wp-json\/wp\/v2\/media\/133615"}],"wp:attachment":[{"href":"https:\/\/www.caririemacao.com\/1\/wp-json\/wp\/v2\/media?parent=133614"}],"wp:term":[{"taxonomy":"category","embeddable":true,"href":"https:\/\/www.caririemacao.com\/1\/wp-json\/wp\/v2\/categories?post=133614"},{"taxonomy":"post_tag","embeddable":true,"href":"https:\/\/www.caririemacao.com\/1\/wp-json\/wp\/v2\/tags?post=133614"}],"curies":[{"name":"wp","href":"https:\/\/api.w.org\/{rel}","templated":true}]}}