{"id":133630,"date":"2019-11-08T13:30:35","date_gmt":"2019-11-08T16:30:35","guid":{"rendered":"http:\/\/www.caririemacao.com\/1\/?p=133630"},"modified":"2019-11-08T13:30:35","modified_gmt":"2019-11-08T16:30:35","slug":"prefeituras-do-cariri-receberao-metade-do-valor-esperado-com-leilao-do-pre-sal-veja-quanto-vira-para-cada-municipio","status":"publish","type":"post","link":"https:\/\/www.caririemacao.com\/1\/2019\/11\/08\/prefeituras-do-cariri-receberao-metade-do-valor-esperado-com-leilao-do-pre-sal-veja-quanto-vira-para-cada-municipio\/","title":{"rendered":"Prefeituras do Cariri receber\u00e3o metade do valor esperado com leil\u00e3o do pr\u00e9-sal; veja quanto vir\u00e1 para cada munic\u00edpio"},"content":{"rendered":"\n<p>O megaleil\u00e3o dos excedentes do pr\u00e9-sal na \u00e1rea conhecida como cess\u00e3o onerosa, na Bacia de Santos, no Rio de Janeiro, arrecadou menos do que previa: R$ 69,96 bilh\u00f5es, frente aos R$ 106,5 bilh\u00f5es estimados pelo governo inicialmente. A queda aconteceu porque s\u00f3 foram arrematados dois dos quatro campos previstos. Com isso, o dinheiro que ser\u00e1 distribu\u00eddo a estados e munic\u00edpios cair\u00e1 pela metade.<\/p>\n\n\n\n<p>Com uma arrecada\u00e7\u00e3o menor do que a esperada \u2013 em raz\u00e3o de apenas dois dos quatro blocos terem sido arrematados \u2013 a rodada de licita\u00e7\u00f5es dos excedentes da cess\u00e3o onerosa ocorreu nessa quarta-feira (06) e com o resultado, a Para\u00edba vai receber R$166 milh\u00f5es \u2013 cerca de metade do esperado.<\/p>\n\n\n\n<p>O valor recebido pelos munic\u00edpios ser\u00e1 muito abaixo do que foi calculado, e cidades como Jo\u00e3o Pessoa e Campina Grande, que juntas receberiam quase R$47 milh\u00f5es, foi reduzido para menos da metade. Agora, o valor projetado para as cidades \u00e9 de R$23 milh\u00f5es.<\/p>\n\n\n\n<p>O crit\u00e9rio para distribui\u00e7\u00e3o entre as cidades \u00e9 o Fundo de Participa\u00e7\u00e3o dos Munic\u00edpios (FPM), e conforme o estudo feito pela Confedera\u00e7\u00e3o Nacional de Munic\u00edpios (CNM), Jo\u00e3o Pessoa receber\u00e1 R$18 milh\u00f5es e Campina Grande, R$5 milh\u00f5es.<\/p>\n\n\n\n<p>Com o resultado do leil\u00e3o, Santa Rita deve ganhar R$2,7 milh\u00f5es e Patos R$2,4 milh\u00f5es. O menor valor repassado \u00e0s cidades ser\u00e1 de R$ 455.273,26. Os recursos ser\u00e3o pagos at\u00e9 27 de dezembro.<\/p>\n\n\n\n<p>Na regi\u00e3o do Cariri, a cidade que ir\u00e1 receber o maior valor ser\u00e1 Monteiro, passando da cifra de um milh\u00e3o de reais. Logo em seguida vem a cidade de Boqueir\u00e3o, que receber\u00e1 nos cofres da prefeitura o valor de 910.546,53 R$. Ainda os munic\u00edpios de Sum\u00e9, Serra Branca e Tapero\u00e1 receber\u00e3o um valor mais abaixo, entrando em seus cofres o valor de 758.788,77 R$. As demais prefeituras do Cariri receber\u00e3o 455.273,26 R$, menor valor repassado pela assinatura da Cess\u00e3o Onerosa do megaleil\u00e3o dos excedentes do pr\u00e9-sal.<\/p>\n\n\n\n<p><strong>Confira a lista dos munic\u00edpios da regi\u00e3o do Cariri:<\/strong><\/p>\n\n\n\n<p>Amparo: 455.273,26 R$<\/p>\n\n\n\n<p>Assun\u00e7\u00e3o: 455.273,26 R$<\/p>\n\n\n\n<p>Barra de S\u00e3o Miguel: 455.273,26 R$<\/p>\n\n\n\n<p>Boa Vista: 455.273,26 R$<\/p>\n\n\n\n<p>Boqueir\u00e3o: 910.546,53 R$<\/p>\n\n\n\n<p>Cabaceiras: 455.273,26 R$<\/p>\n\n\n\n<p>Camala\u00fa: 455.273,26 R$<\/p>\n\n\n\n<p>Cara\u00fabas: 455.273,26 R$<\/p>\n\n\n\n<p>Congo: 455.273,26 R$<\/p>\n\n\n\n<p>Coxixola: 455.273,26 R$<\/p>\n\n\n\n<p>Gurj\u00e3o: 455.273,26 R$<\/p>\n\n\n\n<p>Livramento: 455.273,26 R$<\/p>\n\n\n\n<p>Monteiro: 1.214.062,03 R$<\/p>\n\n\n\n<p>Ouro Velho: 455.273,26 R$<\/p>\n\n\n\n<p>Parari: 455.273,26 R$<\/p>\n\n\n\n<p>Prata: 455.273,26 R$<\/p>\n\n\n\n<p>Santo Andr\u00e9: 455.273,26 R$<\/p>\n\n\n\n<p>S\u00e3o Domingos do Cariri: 455.273,26 R$<\/p>\n\n\n\n<p>S\u00e3o Jo\u00e3o do Cariri: 455.273,26 R$<\/p>\n\n\n\n<p>S\u00e3o Jo\u00e3o do Tigre: 455.273,26 R$<\/p>\n\n\n\n<p>S\u00e3o Jos\u00e9 dos Cordeiros: 455.273,26 R$<\/p>\n\n\n\n<p>S\u00e3o Sebasti\u00e3o do Umbuzeiro: 455.273,26 R$<\/p>\n\n\n\n<p>Serra Branca: 758.788,77 R$<\/p>\n\n\n\n<p>Sum\u00e9: 758.788,77 R$<\/p>\n\n\n\n<p>Tapero\u00e1: 758.788,77 R$<\/p>\n\n\n\n<p>Zabel\u00ea: 455.273,26 R$<\/p>\n\n\n\n<p><strong>De Olho no Cariri<\/strong><\/p>\n","protected":false},"excerpt":{"rendered":"<p>O megaleil\u00e3o dos excedentes do pr\u00e9-sal na \u00e1rea conhecida como cess\u00e3o onerosa, na Bacia de Santos, no Rio de Janeiro, arrecadou menos do que previa:&hellip; <\/p>\n","protected":false},"author":1,"featured_media":88600,"comment_status":"closed","ping_status":"closed","sticky":false,"template":"","format":"standard","meta":{"sfsi_plus_gutenberg_text_before_share":"","sfsi_plus_gutenberg_show_text_before_share":"","sfsi_plus_gutenberg_icon_type":"","sfsi_plus_gutenberg_icon_alignemt":"","sfsi_plus_gutenburg_max_per_row":"","footnotes":""},"categories":[2],"tags":[],"class_list":["post-133630","post","type-post","status-publish","format-standard","has-post-thumbnail","hentry","category-geral"],"_links":{"self":[{"href":"https:\/\/www.caririemacao.com\/1\/wp-json\/wp\/v2\/posts\/133630","targetHints":{"allow":["GET"]}}],"collection":[{"href":"https:\/\/www.caririemacao.com\/1\/wp-json\/wp\/v2\/posts"}],"about":[{"href":"https:\/\/www.caririemacao.com\/1\/wp-json\/wp\/v2\/types\/post"}],"author":[{"embeddable":true,"href":"https:\/\/www.caririemacao.com\/1\/wp-json\/wp\/v2\/users\/1"}],"replies":[{"embeddable":true,"href":"https:\/\/www.caririemacao.com\/1\/wp-json\/wp\/v2\/comments?post=133630"}],"version-history":[{"count":1,"href":"https:\/\/www.caririemacao.com\/1\/wp-json\/wp\/v2\/posts\/133630\/revisions"}],"predecessor-version":[{"id":133632,"href":"https:\/\/www.caririemacao.com\/1\/wp-json\/wp\/v2\/posts\/133630\/revisions\/133632"}],"wp:featuredmedia":[{"embeddable":true,"href":"https:\/\/www.caririemacao.com\/1\/wp-json\/wp\/v2\/media\/88600"}],"wp:attachment":[{"href":"https:\/\/www.caririemacao.com\/1\/wp-json\/wp\/v2\/media?parent=133630"}],"wp:term":[{"taxonomy":"category","embeddable":true,"href":"https:\/\/www.caririemacao.com\/1\/wp-json\/wp\/v2\/categories?post=133630"},{"taxonomy":"post_tag","embeddable":true,"href":"https:\/\/www.caririemacao.com\/1\/wp-json\/wp\/v2\/tags?post=133630"}],"curies":[{"name":"wp","href":"https:\/\/api.w.org\/{rel}","templated":true}]}}