{"id":133680,"date":"2019-11-08T13:56:26","date_gmt":"2019-11-08T16:56:26","guid":{"rendered":"http:\/\/www.caririemacao.com\/1\/?p=133680"},"modified":"2019-11-08T13:56:26","modified_gmt":"2019-11-08T16:56:26","slug":"caririzeiro-que-estava-desaparecido-e-encontrado-morto","status":"publish","type":"post","link":"https:\/\/www.caririemacao.com\/1\/2019\/11\/08\/caririzeiro-que-estava-desaparecido-e-encontrado-morto\/","title":{"rendered":"Caririzeiro que estava desaparecido \u00e9 encontrado morto"},"content":{"rendered":"\n<figure class=\"wp-block-image\"><a href=\"http:\/\/noticiasemdestaque.com\/cd\/wp-content\/uploads\/2019\/11\/6083bf68-9487-4b08-bd8d-e18bf68be83d.jpg\"><img decoding=\"async\" data-src=\"http:\/\/noticiasemdestaque.com\/cd\/wp-content\/uploads\/2019\/11\/6083bf68-9487-4b08-bd8d-e18bf68be83d.jpg\" alt=\"\" class=\"wp-image-20502 lazyload\" src=\"data:image\/svg+xml;base64,PHN2ZyB3aWR0aD0iMSIgaGVpZ2h0PSIxIiB4bWxucz0iaHR0cDovL3d3dy53My5vcmcvMjAwMC9zdmciPjwvc3ZnPg==\" \/><\/a><\/figure>\n\n\n\n<p>Um morador de Coxixola que estava h\u00e1 tr\u00eas dias desaparecido foi encontrado na manh\u00e3 dessa sexta-feira(08\/11), no pr\u00f3prio munic\u00edpio, perto de sua resid\u00eancia.<\/p>\n\n\n\n<p>De acordo com informa\u00e7\u00f5es apurada pelo portal, Sebasti\u00e3o Bezerra da Silva(foto), mais conhecido por Binha foi encontrado em um riacho, o seu corpo j\u00e1 est\u00e1 em estado de composi\u00e7\u00e3o.<\/p>\n\n\n\n<p>O IPC j\u00e1 foi acionada para a remo\u00e7\u00e3o do corpo que ser\u00e1 levado para a per\u00edcia.<\/p>\n\n\n\n<p>At\u00e9 o fechamento dessa mat\u00e9ria, n\u00e3o obtivemos informa\u00e7\u00f5es sobre o verdadeiro motivo da causa da morte de Binha.<\/p>\n\n\n\n<p><strong>Not\u00edcias em Destaque<\/strong><\/p>\n","protected":false},"excerpt":{"rendered":"<p>Um morador de Coxixola que estava h\u00e1 tr\u00eas dias desaparecido foi encontrado na manh\u00e3 dessa sexta-feira(08\/11), no pr\u00f3prio munic\u00edpio, perto de sua resid\u00eancia. De acordo&hellip; <\/p>\n","protected":false},"author":1,"featured_media":88728,"comment_status":"closed","ping_status":"closed","sticky":false,"template":"","format":"standard","meta":{"sfsi_plus_gutenberg_text_before_share":"","sfsi_plus_gutenberg_show_text_before_share":"","sfsi_plus_gutenberg_icon_type":"","sfsi_plus_gutenberg_icon_alignemt":"","sfsi_plus_gutenburg_max_per_row":"","footnotes":""},"categories":[12],"tags":[],"class_list":["post-133680","post","type-post","status-publish","format-standard","has-post-thumbnail","hentry","category-policia"],"_links":{"self":[{"href":"https:\/\/www.caririemacao.com\/1\/wp-json\/wp\/v2\/posts\/133680","targetHints":{"allow":["GET"]}}],"collection":[{"href":"https:\/\/www.caririemacao.com\/1\/wp-json\/wp\/v2\/posts"}],"about":[{"href":"https:\/\/www.caririemacao.com\/1\/wp-json\/wp\/v2\/types\/post"}],"author":[{"embeddable":true,"href":"https:\/\/www.caririemacao.com\/1\/wp-json\/wp\/v2\/users\/1"}],"replies":[{"embeddable":true,"href":"https:\/\/www.caririemacao.com\/1\/wp-json\/wp\/v2\/comments?post=133680"}],"version-history":[{"count":1,"href":"https:\/\/www.caririemacao.com\/1\/wp-json\/wp\/v2\/posts\/133680\/revisions"}],"predecessor-version":[{"id":133682,"href":"https:\/\/www.caririemacao.com\/1\/wp-json\/wp\/v2\/posts\/133680\/revisions\/133682"}],"wp:featuredmedia":[{"embeddable":true,"href":"https:\/\/www.caririemacao.com\/1\/wp-json\/wp\/v2\/media\/88728"}],"wp:attachment":[{"href":"https:\/\/www.caririemacao.com\/1\/wp-json\/wp\/v2\/media?parent=133680"}],"wp:term":[{"taxonomy":"category","embeddable":true,"href":"https:\/\/www.caririemacao.com\/1\/wp-json\/wp\/v2\/categories?post=133680"},{"taxonomy":"post_tag","embeddable":true,"href":"https:\/\/www.caririemacao.com\/1\/wp-json\/wp\/v2\/tags?post=133680"}],"curies":[{"name":"wp","href":"https:\/\/api.w.org\/{rel}","templated":true}]}}