{"id":133690,"date":"2019-11-08T15:23:21","date_gmt":"2019-11-08T18:23:21","guid":{"rendered":"http:\/\/www.caririemacao.com\/1\/?p=133690"},"modified":"2019-11-08T15:23:21","modified_gmt":"2019-11-08T18:23:21","slug":"novembro-azul-e-aberto-oficialmente-em-monteiro-com-palestra-e-cafe-da-manha","status":"publish","type":"post","link":"https:\/\/www.caririemacao.com\/1\/2019\/11\/08\/novembro-azul-e-aberto-oficialmente-em-monteiro-com-palestra-e-cafe-da-manha\/","title":{"rendered":"Novembro Azul \u00e9 aberto oficialmente em Monteiro com palestra e caf\u00e9 da manh\u00e3"},"content":{"rendered":"\n<p>A Prefeitura de Monteiro deu in\u00edcio \u00e0s atividades do Novembro Azul desde a segunda-feira, 04, com a busca ativa dos homens com idade para participar da campanha atrav\u00e9s das equipes de Agentes Comunit\u00e1rios de Sa\u00fade.<br>J\u00e1 nesta quinta-feira, 07, o Centro de Especialidades M\u00e9dicas \u2013 CEMED recebeu o evento que abriu oficialmente a programa\u00e7\u00e3o do Novembro Azul deste ano que tem o tema \u201cSeja her\u00f3i da sua sa\u00fade\u201d.No momento cerca de 150 homens tiveram o sangue coletado para os exames de PSA, que de acordo com o m\u00e9dico Dr. Eug\u00eanio Henrique s\u00e3o de suma import\u00e2ncia para realizar a detec\u00e7\u00e3o precoce do c\u00e2ncer de pr\u00f3stata. Al\u00e9m da palestra apresentada pelo urologista monteirense que agora faz parte da equipe do CEMED, o profissional ouviu as&nbsp;<\/p>\n\n\n\n<div class=\"wp-block-image\"><figure class=\"alignleft\"><img decoding=\"async\" data-src=\"https:\/\/i1.wp.com\/www.vitrinedocariri.com.br\/wp-content\/uploads\/2019\/11\/Novembro-Azul-%C3%A9-aberto-oficialmente-em-Monteiro-com-palestra-e-caf%C3%A9-da-manh%C3%A3-8.jpeg?zoom=2&amp;resize=330%2C220&amp;ssl=1\" alt=\"\" class=\"wp-image-57148 lazyload\" src=\"data:image\/svg+xml;base64,PHN2ZyB3aWR0aD0iMSIgaGVpZ2h0PSIxIiB4bWxucz0iaHR0cDovL3d3dy53My5vcmcvMjAwMC9zdmciPjwvc3ZnPg==\" \/><\/figure><\/div>\n\n\n\n<p>d\u00favidas e respondeu aos questionamentos dos homens presentes em um bate papo agrad\u00e1vel e descontra\u00eddo.A prefeita Anna Lorena, juntamente com as secret\u00e1rias Paula Oliveira e Viviane Ferreira, e a diretora do CEMED, Solenil Silva, tamb\u00e9m acompanharam a programa\u00e7\u00e3o e puderam ajudar na conscientiza\u00e7\u00e3o da import\u00e2ncia dos cuidados com o homem, principalmente no que diz respeito ao c\u00e2ncer de pr\u00f3stata.\u201cSejam multiplicadores de todo o conhecimento que voc\u00eas tiveram aqui. Falem para seu pai, irm\u00e3os, tios, enfim, conscientizem que a preven\u00e7\u00e3o \u00e9 a melhor coisa. Temos uma programa\u00e7\u00e3o que ainda inclui uma a\u00e7\u00e3o no dia 16 na&nbsp;<\/p>\n\n\n\n<div class=\"wp-block-image\"><figure class=\"alignleft\"><img decoding=\"async\" data-src=\"https:\/\/i0.wp.com\/www.vitrinedocariri.com.br\/wp-content\/uploads\/2019\/11\/Novembro-Azul-%C3%A9-aberto-oficialmente-em-Monteiro-com-palestra-e-caf%C3%A9-da-manh%C3%A3-6.jpeg?zoom=2&amp;resize=330%2C220&amp;ssl=1\" alt=\"\" class=\"wp-image-57147 lazyload\" src=\"data:image\/svg+xml;base64,PHN2ZyB3aWR0aD0iMSIgaGVpZ2h0PSIxIiB4bWxucz0iaHR0cDovL3d3dy53My5vcmcvMjAwMC9zdmciPjwvc3ZnPg==\" \/><\/figure><\/div>\n\n\n\n<p>Feira do Gado e no dia 21 um novo atendimento e palestra, desta vez com urologista Dr. Tales, ent\u00e3o vamos aproveitar!\u201d, disse a prefeita Anna Lorena.Ao todo ser\u00e3o realizados 600 testes de PSA, al\u00e9m de consultas e palestras, integrando o Novembro Azul no munic\u00edpio de Monteiro.Logo ap\u00f3s a palestra foi servido um caf\u00e9 da manh\u00e3 em parceria com o laborat\u00f3rio PolyLab.<\/p>\n","protected":false},"excerpt":{"rendered":"<p>A Prefeitura de Monteiro deu in\u00edcio \u00e0s atividades do Novembro Azul desde a segunda-feira, 04, com a busca ativa dos homens com idade para participar&hellip; <\/p>\n","protected":false},"author":1,"featured_media":133692,"comment_status":"closed","ping_status":"closed","sticky":false,"template":"","format":"standard","meta":{"sfsi_plus_gutenberg_text_before_share":"","sfsi_plus_gutenberg_show_text_before_share":"","sfsi_plus_gutenberg_icon_type":"","sfsi_plus_gutenberg_icon_alignemt":"","sfsi_plus_gutenburg_max_per_row":"","footnotes":""},"categories":[2],"tags":[],"class_list":["post-133690","post","type-post","status-publish","format-standard","has-post-thumbnail","hentry","category-geral"],"_links":{"self":[{"href":"https:\/\/www.caririemacao.com\/1\/wp-json\/wp\/v2\/posts\/133690","targetHints":{"allow":["GET"]}}],"collection":[{"href":"https:\/\/www.caririemacao.com\/1\/wp-json\/wp\/v2\/posts"}],"about":[{"href":"https:\/\/www.caririemacao.com\/1\/wp-json\/wp\/v2\/types\/post"}],"author":[{"embeddable":true,"href":"https:\/\/www.caririemacao.com\/1\/wp-json\/wp\/v2\/users\/1"}],"replies":[{"embeddable":true,"href":"https:\/\/www.caririemacao.com\/1\/wp-json\/wp\/v2\/comments?post=133690"}],"version-history":[{"count":1,"href":"https:\/\/www.caririemacao.com\/1\/wp-json\/wp\/v2\/posts\/133690\/revisions"}],"predecessor-version":[{"id":133693,"href":"https:\/\/www.caririemacao.com\/1\/wp-json\/wp\/v2\/posts\/133690\/revisions\/133693"}],"wp:featuredmedia":[{"embeddable":true,"href":"https:\/\/www.caririemacao.com\/1\/wp-json\/wp\/v2\/media\/133692"}],"wp:attachment":[{"href":"https:\/\/www.caririemacao.com\/1\/wp-json\/wp\/v2\/media?parent=133690"}],"wp:term":[{"taxonomy":"category","embeddable":true,"href":"https:\/\/www.caririemacao.com\/1\/wp-json\/wp\/v2\/categories?post=133690"},{"taxonomy":"post_tag","embeddable":true,"href":"https:\/\/www.caririemacao.com\/1\/wp-json\/wp\/v2\/tags?post=133690"}],"curies":[{"name":"wp","href":"https:\/\/api.w.org\/{rel}","templated":true}]}}