{"id":133698,"date":"2019-11-08T15:26:45","date_gmt":"2019-11-08T18:26:45","guid":{"rendered":"http:\/\/www.caririemacao.com\/1\/?p=133698"},"modified":"2019-11-08T15:26:45","modified_gmt":"2019-11-08T18:26:45","slug":"eden-duarte-e-auxiliares-participam-do-2-encontro-de-administradores-tributarios-da-pb","status":"publish","type":"post","link":"https:\/\/www.caririemacao.com\/1\/2019\/11\/08\/eden-duarte-e-auxiliares-participam-do-2-encontro-de-administradores-tributarios-da-pb\/","title":{"rendered":"\u00c9den Duarte e auxiliares participam do 2\u00b0 Encontro de Administradores Tribut\u00e1rios da PB"},"content":{"rendered":"\n<p>O prefeito \u00c9den Duarte e alguns de seus auxiliares est\u00e3o participando do 2\u00b0 Encontro de Administradores Tribut\u00e1rios da Para\u00edba que acontece em Jo\u00e3o Pessoa nesta quinta e sexta-feira.<\/p>\n\n\n\n<p>O evento, que \u00e9 coordenado pelo F\u00f3rum Permanente de Administradores Tribut\u00e1rios da Para\u00edba (Fpat-PB), \u00e9 voltado a prefeitos, secret\u00e1rios de finan\u00e7as, presidentes de C\u00e2maras Municipais, auditores tribut\u00e1rios e conta com palestras e debates.<\/p>\n\n\n\n<p>A participa\u00e7\u00e3o da gest\u00e3o municipal no encontro faz parte do projeto do prefeito \u00c9den em investir na organiza\u00e7\u00e3o e na moderniza\u00e7\u00e3o tribut\u00e1ria do munic\u00edpio. Recentemente a prefeitura implantou o servi\u00e7o de emiss\u00e3o de boletos on-line para pagamentos de IPTU, D\u00edvida Ativa, Parcelamento do Pro Receita e est\u00e1 estudando mais melhorias que facilitem a vida do contribuinte.<\/p>\n","protected":false},"excerpt":{"rendered":"<p>O prefeito \u00c9den Duarte e alguns de seus auxiliares est\u00e3o participando do 2\u00b0 Encontro de Administradores Tribut\u00e1rios da Para\u00edba que acontece em Jo\u00e3o Pessoa nesta&hellip; <\/p>\n","protected":false},"author":1,"featured_media":133700,"comment_status":"closed","ping_status":"closed","sticky":false,"template":"","format":"standard","meta":{"sfsi_plus_gutenberg_text_before_share":"","sfsi_plus_gutenberg_show_text_before_share":"","sfsi_plus_gutenberg_icon_type":"","sfsi_plus_gutenberg_icon_alignemt":"","sfsi_plus_gutenburg_max_per_row":"","footnotes":""},"categories":[2],"tags":[],"class_list":["post-133698","post","type-post","status-publish","format-standard","has-post-thumbnail","hentry","category-geral"],"_links":{"self":[{"href":"https:\/\/www.caririemacao.com\/1\/wp-json\/wp\/v2\/posts\/133698","targetHints":{"allow":["GET"]}}],"collection":[{"href":"https:\/\/www.caririemacao.com\/1\/wp-json\/wp\/v2\/posts"}],"about":[{"href":"https:\/\/www.caririemacao.com\/1\/wp-json\/wp\/v2\/types\/post"}],"author":[{"embeddable":true,"href":"https:\/\/www.caririemacao.com\/1\/wp-json\/wp\/v2\/users\/1"}],"replies":[{"embeddable":true,"href":"https:\/\/www.caririemacao.com\/1\/wp-json\/wp\/v2\/comments?post=133698"}],"version-history":[{"count":1,"href":"https:\/\/www.caririemacao.com\/1\/wp-json\/wp\/v2\/posts\/133698\/revisions"}],"predecessor-version":[{"id":133701,"href":"https:\/\/www.caririemacao.com\/1\/wp-json\/wp\/v2\/posts\/133698\/revisions\/133701"}],"wp:featuredmedia":[{"embeddable":true,"href":"https:\/\/www.caririemacao.com\/1\/wp-json\/wp\/v2\/media\/133700"}],"wp:attachment":[{"href":"https:\/\/www.caririemacao.com\/1\/wp-json\/wp\/v2\/media?parent=133698"}],"wp:term":[{"taxonomy":"category","embeddable":true,"href":"https:\/\/www.caririemacao.com\/1\/wp-json\/wp\/v2\/categories?post=133698"},{"taxonomy":"post_tag","embeddable":true,"href":"https:\/\/www.caririemacao.com\/1\/wp-json\/wp\/v2\/tags?post=133698"}],"curies":[{"name":"wp","href":"https:\/\/api.w.org\/{rel}","templated":true}]}}