{"id":133706,"date":"2019-11-08T15:30:07","date_gmt":"2019-11-08T18:30:07","guid":{"rendered":"http:\/\/www.caririemacao.com\/1\/?p=133706"},"modified":"2019-11-08T15:30:07","modified_gmt":"2019-11-08T18:30:07","slug":"lula-pensa-em-morar-vizinho-a-paraiba-depois-de-sair-da-prisao","status":"publish","type":"post","link":"https:\/\/www.caririemacao.com\/1\/2019\/11\/08\/lula-pensa-em-morar-vizinho-a-paraiba-depois-de-sair-da-prisao\/","title":{"rendered":"Lula pensa em morar vizinho \u00e0 Para\u00edba depois de sair da pris\u00e3o"},"content":{"rendered":"\n<p>O ex-presidente Luiz In\u00e1cio Lula da Silva pensa em morar na regi\u00e3o Nordeste caso seja de fato libertado &#8211; sua defesa j\u00e1 pediu a soltura de Lula, ap\u00f3s decis\u00e3o do Supremo Tribunal Federal que determina que o cumprimento da pena deve come\u00e7ar apenas com esgotamento de todos os recursos. Em entrevista ao Brasil de Fato, Lula falou que n\u00e3o tem mais nada que o prenda a S\u00e3o Bernardo do Campo, no ABC paulista, onde vive h\u00e1 anos e criou sua carreira pol\u00edtica.<br><\/p>\n\n\n\n<p>Lula diz que j\u00e1 sonhava em morar na regi\u00e3o desde quando saiu da Presid\u00eancia. A Bahia e o Rio Grande do Norte s\u00e3o citados pelo ex-presidente, al\u00e9m do seu estado natal, Pernambuco. &#8220;Obviamente, eu fico sonhando em sair daqui, decidir onde eu vou morar. Quando eu deixei a Presid\u00eancia, tinha vontade de morar no Nordeste, vontade de voltar para o meu Pernambuco, vontade de morar n\u00e3o perto da praia, mas num lugar em que eu pudesse ir \u00e0 praia. Pensava em ir para Bahia, Rio Grande do Norte, mas a Marisa n\u00e3o quis ir porque ela nasceu em S\u00e3o Bernardo, e o mundo dela era S\u00e3o Bernardo. Eu n\u00e3o tenho mais o que fazer em S\u00e3o Bernardo&#8221;, afirmou. &#8220;Eu, quando sair daqui, eu quero\u2026 N\u00e3o sei pra onde ir, mas eu quero me mudar pra outro lugar. Eu quero viver&#8221;, diz.<\/p>\n\n\n\n<p>De acordo com o Blog do Sakamoto, do Uol, pessoas pr\u00f3ximas a Lula confirmaram a inten\u00e7\u00e3o do ex-presidente de deixar S\u00e3o Paulo e ir para a regi\u00e3o Nordeste.<\/p>\n","protected":false},"excerpt":{"rendered":"<p>O ex-presidente Luiz In\u00e1cio Lula da Silva pensa em morar na regi\u00e3o Nordeste caso seja de fato libertado &#8211; sua defesa j\u00e1 pediu a soltura&hellip; <\/p>\n","protected":false},"author":1,"featured_media":133525,"comment_status":"closed","ping_status":"closed","sticky":false,"template":"","format":"standard","meta":{"sfsi_plus_gutenberg_text_before_share":"","sfsi_plus_gutenberg_show_text_before_share":"","sfsi_plus_gutenberg_icon_type":"","sfsi_plus_gutenberg_icon_alignemt":"","sfsi_plus_gutenburg_max_per_row":"","footnotes":""},"categories":[11],"tags":[],"class_list":["post-133706","post","type-post","status-publish","format-standard","has-post-thumbnail","hentry","category-politica"],"_links":{"self":[{"href":"https:\/\/www.caririemacao.com\/1\/wp-json\/wp\/v2\/posts\/133706","targetHints":{"allow":["GET"]}}],"collection":[{"href":"https:\/\/www.caririemacao.com\/1\/wp-json\/wp\/v2\/posts"}],"about":[{"href":"https:\/\/www.caririemacao.com\/1\/wp-json\/wp\/v2\/types\/post"}],"author":[{"embeddable":true,"href":"https:\/\/www.caririemacao.com\/1\/wp-json\/wp\/v2\/users\/1"}],"replies":[{"embeddable":true,"href":"https:\/\/www.caririemacao.com\/1\/wp-json\/wp\/v2\/comments?post=133706"}],"version-history":[{"count":1,"href":"https:\/\/www.caririemacao.com\/1\/wp-json\/wp\/v2\/posts\/133706\/revisions"}],"predecessor-version":[{"id":133708,"href":"https:\/\/www.caririemacao.com\/1\/wp-json\/wp\/v2\/posts\/133706\/revisions\/133708"}],"wp:featuredmedia":[{"embeddable":true,"href":"https:\/\/www.caririemacao.com\/1\/wp-json\/wp\/v2\/media\/133525"}],"wp:attachment":[{"href":"https:\/\/www.caririemacao.com\/1\/wp-json\/wp\/v2\/media?parent=133706"}],"wp:term":[{"taxonomy":"category","embeddable":true,"href":"https:\/\/www.caririemacao.com\/1\/wp-json\/wp\/v2\/categories?post=133706"},{"taxonomy":"post_tag","embeddable":true,"href":"https:\/\/www.caririemacao.com\/1\/wp-json\/wp\/v2\/tags?post=133706"}],"curies":[{"name":"wp","href":"https:\/\/api.w.org\/{rel}","templated":true}]}}