{"id":133713,"date":"2019-11-08T15:32:29","date_gmt":"2019-11-08T18:32:29","guid":{"rendered":"http:\/\/www.caririemacao.com\/1\/?p=133713"},"modified":"2019-11-08T15:32:29","modified_gmt":"2019-11-08T18:32:29","slug":"trf4-julga-no-fim-do-mes-recurso-de-lula-em-caso-de-sitio-de-atibaia","status":"publish","type":"post","link":"https:\/\/www.caririemacao.com\/1\/2019\/11\/08\/trf4-julga-no-fim-do-mes-recurso-de-lula-em-caso-de-sitio-de-atibaia\/","title":{"rendered":"TRF4 julga no fim do m\u00eas recurso de Lula em caso de s\u00edtio de Atibaia"},"content":{"rendered":"\n<p>A Oitava Turma do Tribunal Regional Federal da 4a Regi\u00e3o (TRF4) marcou para 27 de novembro, \u00e0s 9h, o julgamento da apela\u00e7\u00e3o criminal do ex-presidente Luiz In\u00e1cio Lula da Silva no caso do s\u00edtio de Aitibaia (SP).<br><\/p>\n\n\n\n<p>Em 6 de fevereiro, Lula foi condenado pela ju\u00edza substituta Gabriela Hardt, da 13a Vara Federal de Curitiba, a 12 anos e 11 meses de pris\u00e3o pelos crimes de corrup\u00e7\u00e3o e lavagem de dinheiro no caso do s\u00edtio em Atibaia (SP). Foi a segunda condena\u00e7\u00e3o do ex-presidente no \u00e2mbito da Opera\u00e7\u00e3o Lava Jato. A primeira se deu no caso do tr\u00edplex do Guaruj\u00e1 (SP).<\/p>\n\n\n\n<p>Segundo den\u00fancia do Minist\u00e9rio P\u00fablico Federal (MPF), Lula recebeu vantagens indevidas do Grupo Schahin e das empreiteiras Odebrecht e OAS por meio da reforma do s\u00edtio em Atibaia que costumava frequentar com a fam\u00edlia. A obra teria custado cerca de R$ 1 milh\u00e3o, e o dinheiro teria sido descontado das propinas devidas pelas empresas em decorr\u00eancia de favorecimento il\u00edcito em contratos com a Petrobras, alegam os procuradores.<\/p>\n\n\n\n<p><strong>Alega\u00e7\u00f5es finais&nbsp; &nbsp; &nbsp; &nbsp; &nbsp; &nbsp; &nbsp; &nbsp; &nbsp; &nbsp; &nbsp; &nbsp; &nbsp; &nbsp; &nbsp; &nbsp; &nbsp;&nbsp;<\/strong><br>Antes de julgar a apela\u00e7\u00e3o em si, na qual os advogados pedem absolvi\u00e7\u00e3o de Lula, os desembargadores da Oitava Turma do TRF4 \u2013 Thompson Flores, Jo\u00e3o Pedro Gebran Neto e Leandro Paulsen \u2013 devem analisar uma quest\u00e3o de ordem para saber se o processo do s\u00edtio deve voltar para a fase de alega\u00e7\u00f5es finais na primeira inst\u00e2ncia.<\/p>\n\n\n\n<p>A quest\u00e3o de ordem foi levantada depois de o Supremo Tribunal Federal (STF) ter decidido, no m\u00eas passado, que o r\u00e9us delatados t\u00eam o direito de apresentar suas alega\u00e7\u00f5es finais depois dos r\u00e9us delatores. No caso do s\u00edtio, Lula foi delatado pelo ex-presidente da OAS, L\u00e9o Pinheiro, que firmou acordo de colabora\u00e7\u00e3o premiada com o MPF.<\/p>\n\n\n\n<p>Caso decidam que o caso deve retornar \u00e0 primeira inst\u00e2ncia, a senten\u00e7a de Lula no caso do s\u00edtio ficar\u00e1 anulada, sendo necess\u00e1rio que a 13a Vara Federal profira uma nova decis\u00e3o ap\u00f3s apresentadas novas alega\u00e7\u00f5es finais.<\/p>\n\n\n\n<p><strong>Pris\u00e3o&nbsp; &nbsp; &nbsp; &nbsp; &nbsp; &nbsp;<\/strong><br>Lula est\u00e1 preso desde 7 de abril do ano passado, quando teve sua condena\u00e7\u00e3o por corrup\u00e7\u00e3o e lavagem de dinheiro no caso do tr\u00edplex do Guaruj\u00e1 confirmada pelo TRF4.<\/p>\n\n\n\n<p>Nesta sexta-feira (8), a defesa do ex-presidente pediu a soltura dele com base na mudan\u00e7a de jurisprud\u00eancia do STF, que ontem (7) decidiu, por 6 votos a 5, que a pris\u00e3o para cumprimento de pena pode se dar somente ap\u00f3s o tr\u00e2nsito em julgado, quando n\u00e3o h\u00e1 mais recursos poss\u00edveis em nenhuma inst\u00e2ncia.<\/p>\n\n\n\n<p>No caso do tr\u00edplex, Lula tem recursos pendentes de an\u00e1lise no Superior Tribunal de Justi\u00e7a (STJ) e tamb\u00e9m no pr\u00f3prio Supremo.<\/p>\n","protected":false},"excerpt":{"rendered":"<p>A Oitava Turma do Tribunal Regional Federal da 4a Regi\u00e3o (TRF4) marcou para 27 de novembro, \u00e0s 9h, o julgamento da apela\u00e7\u00e3o criminal do ex-presidente&hellip; <\/p>\n","protected":false},"author":1,"featured_media":133715,"comment_status":"closed","ping_status":"closed","sticky":false,"template":"","format":"standard","meta":{"sfsi_plus_gutenberg_text_before_share":"","sfsi_plus_gutenberg_show_text_before_share":"","sfsi_plus_gutenberg_icon_type":"","sfsi_plus_gutenberg_icon_alignemt":"","sfsi_plus_gutenburg_max_per_row":"","footnotes":""},"categories":[11],"tags":[],"class_list":["post-133713","post","type-post","status-publish","format-standard","has-post-thumbnail","hentry","category-politica"],"_links":{"self":[{"href":"https:\/\/www.caririemacao.com\/1\/wp-json\/wp\/v2\/posts\/133713","targetHints":{"allow":["GET"]}}],"collection":[{"href":"https:\/\/www.caririemacao.com\/1\/wp-json\/wp\/v2\/posts"}],"about":[{"href":"https:\/\/www.caririemacao.com\/1\/wp-json\/wp\/v2\/types\/post"}],"author":[{"embeddable":true,"href":"https:\/\/www.caririemacao.com\/1\/wp-json\/wp\/v2\/users\/1"}],"replies":[{"embeddable":true,"href":"https:\/\/www.caririemacao.com\/1\/wp-json\/wp\/v2\/comments?post=133713"}],"version-history":[{"count":1,"href":"https:\/\/www.caririemacao.com\/1\/wp-json\/wp\/v2\/posts\/133713\/revisions"}],"predecessor-version":[{"id":133716,"href":"https:\/\/www.caririemacao.com\/1\/wp-json\/wp\/v2\/posts\/133713\/revisions\/133716"}],"wp:featuredmedia":[{"embeddable":true,"href":"https:\/\/www.caririemacao.com\/1\/wp-json\/wp\/v2\/media\/133715"}],"wp:attachment":[{"href":"https:\/\/www.caririemacao.com\/1\/wp-json\/wp\/v2\/media?parent=133713"}],"wp:term":[{"taxonomy":"category","embeddable":true,"href":"https:\/\/www.caririemacao.com\/1\/wp-json\/wp\/v2\/categories?post=133713"},{"taxonomy":"post_tag","embeddable":true,"href":"https:\/\/www.caririemacao.com\/1\/wp-json\/wp\/v2\/tags?post=133713"}],"curies":[{"name":"wp","href":"https:\/\/api.w.org\/{rel}","templated":true}]}}