{"id":133723,"date":"2019-11-08T15:39:02","date_gmt":"2019-11-08T18:39:02","guid":{"rendered":"http:\/\/www.caririemacao.com\/1\/?p=133723"},"modified":"2019-11-08T15:39:02","modified_gmt":"2019-11-08T18:39:02","slug":"bolsonaro-enaltece-moro-apos-decisao-do-stf-que-deve-soltar-ex-presidente-lula","status":"publish","type":"post","link":"https:\/\/www.caririemacao.com\/1\/2019\/11\/08\/bolsonaro-enaltece-moro-apos-decisao-do-stf-que-deve-soltar-ex-presidente-lula\/","title":{"rendered":"Bolsonaro enaltece Moro, ap\u00f3s decis\u00e3o do STF que deve soltar ex-presidente Lula"},"content":{"rendered":"\n<p>Ainda sem comentar a decis\u00e3o do STF (Supremo Tribunal Federal) sobre pris\u00e3o em segunda inst\u00e2ncia que pode beneficiar o ex-presidente Luiz In\u00e1cio Lula da Silva, o presidente Jair Bolsonaro (PSL) atribuiu sua elei\u00e7\u00e3o \u00e0 atua\u00e7\u00e3o do ministro Sergio Moro (Justi\u00e7a) enquanto juiz.<\/p>\n\n\n\n<p>Em discurso na cerim\u00f4nia de formatura de curso para Pol\u00edcia Federal, Bolsonaro elogiou sua equipe de ministros, entre eles Moro, que estava no evento. O presidente lembrou do epis\u00f3dio de 2017 em que o ex-juiz ignorou o capit\u00e3o reformado em um aeroporto e disse que isso ocorreu porque Moro n\u00e3o poderia se aproximar de pol\u00edticos ou ter partido.<\/p>\n\n\n\n<p>&#8220;Ele estava cumprindo sua miss\u00e3o. Se essa miss\u00e3o dele n\u00e3o fosse bem cumprida, eu tamb\u00e9m n\u00e3o estaria aqui&#8221;, disse. &#8220;Ent\u00e3o parte do que acontece na pol\u00edtica no Brasil devemos a Sergio Moro. Se for comparar a uma corrente, talvez o elo mais forte dessa corrente&#8221;.<\/p>\n\n\n\n<p>Bolsonaro ainda n\u00e3o comentou publicamente a decis\u00e3o do STF. Na noite de quinta-feira (7), o plen\u00e1rio do Supremo decidiu, com placar apertado de 6 votos a 5, que um condenado s\u00f3 pode ser preso ap\u00f3s o tr\u00e2nsito em julgado (o fim dos recursos), alterando a jurisprud\u00eancia, que desde 2016, tem permitido a pris\u00e3o logo ap\u00f3s a condena\u00e7\u00e3o em segunda inst\u00e2ncia.<\/p>\n\n\n\n<p>A decis\u00e3o, uma das mais esperadas dos \u00faltimos anos, tem potencial de beneficiar cerca de 5.000 presos, segundo o CNJ (Conselho Nacional de Justi\u00e7a), incluindo Lula, preso desde abril de 2018 pelo caso do tr\u00edplex de Guaruj\u00e1 (SP). O Brasil tem, no total, aproximadamente 800 mil presos.<\/p>\n\n\n\n<p>No in\u00edcio do julgamento, ele havia publicado em suas redes sociais uma mensagem dizendo ser favor\u00e1vel \u00e0 pris\u00e3o ap\u00f3s condena\u00e7\u00e3o de segunda inst\u00e2ncia. &#8220;Aos que questionam, sempre deixamos clara nossa posi\u00e7\u00e3o favor\u00e1vel em rela\u00e7\u00e3o \u00e0 pris\u00e3o em segunda inst\u00e2ncia. Proposta de Emenda \u00e0 Constitui\u00e7\u00e3o que encontra-se no Congresso Nacional sob a relatoria da deputada federal Caroline de Toni (PSL-SC)&#8221;, escreveu.<\/p>\n\n\n\n<p>Mais tarde, a publica\u00e7\u00e3o na rede de Bolsonaro foi apagada. O filho do presidente Carlos Bolsonaro (PSC-RJ), vereador na cidade no Rio, pediu desculpas pela mensagem. &#8220;Eu escrevi o tweet sobre segunda inst\u00e2ncia sem autoriza\u00e7\u00e3o do presidente. Me desculpem todos!&#8221;, escreveu o vereador na sua conta do Twitter. &#8220;A inten\u00e7\u00e3o jamais foi atacar ningu\u00e9m! Apenas expor o que acontece na Casa Legislativa!&#8221;, afirmou o vereador.<\/p>\n\n\n\n<p>No discurso desta sexta, Bolsonaro levou dois policiais que fizeram sua seguran\u00e7a durante a campanha e lembrou da facada sofrida em Juiz de Fora (MG). O presidente disse ter conversado com a equipe na pra\u00e7a. &#8220;\u00c9 a \u00faltima vez que eu vou no meio do pov\u00e3o, porque vai acontecer algo de grave&#8221;.<\/p>\n\n\n\n<p>Atribuiu ainda ao planejamento dos dois policiais o r\u00e1pido atendimento recebido ap\u00f3s a facada. Bolsonaro tamb\u00e9m comentou as cr\u00edticas t\u00eam sofrido. &#8220;Tenho muito orgulho, apesar das dores de cabe\u00e7a, por vezes de acusa\u00e7\u00f5es infundadas, vale a pena esse sacrif\u00edcio pela nossa p\u00e1tria&#8221;, afirmou.<\/p>\n","protected":false},"excerpt":{"rendered":"<p>Ainda sem comentar a decis\u00e3o do STF (Supremo Tribunal Federal) sobre pris\u00e3o em segunda inst\u00e2ncia que pode beneficiar o ex-presidente Luiz In\u00e1cio Lula da Silva,&hellip; <\/p>\n","protected":false},"author":1,"featured_media":99321,"comment_status":"closed","ping_status":"closed","sticky":false,"template":"","format":"standard","meta":{"sfsi_plus_gutenberg_text_before_share":"","sfsi_plus_gutenberg_show_text_before_share":"","sfsi_plus_gutenberg_icon_type":"","sfsi_plus_gutenberg_icon_alignemt":"","sfsi_plus_gutenburg_max_per_row":"","footnotes":""},"categories":[11],"tags":[],"class_list":["post-133723","post","type-post","status-publish","format-standard","has-post-thumbnail","hentry","category-politica"],"_links":{"self":[{"href":"https:\/\/www.caririemacao.com\/1\/wp-json\/wp\/v2\/posts\/133723","targetHints":{"allow":["GET"]}}],"collection":[{"href":"https:\/\/www.caririemacao.com\/1\/wp-json\/wp\/v2\/posts"}],"about":[{"href":"https:\/\/www.caririemacao.com\/1\/wp-json\/wp\/v2\/types\/post"}],"author":[{"embeddable":true,"href":"https:\/\/www.caririemacao.com\/1\/wp-json\/wp\/v2\/users\/1"}],"replies":[{"embeddable":true,"href":"https:\/\/www.caririemacao.com\/1\/wp-json\/wp\/v2\/comments?post=133723"}],"version-history":[{"count":1,"href":"https:\/\/www.caririemacao.com\/1\/wp-json\/wp\/v2\/posts\/133723\/revisions"}],"predecessor-version":[{"id":133725,"href":"https:\/\/www.caririemacao.com\/1\/wp-json\/wp\/v2\/posts\/133723\/revisions\/133725"}],"wp:featuredmedia":[{"embeddable":true,"href":"https:\/\/www.caririemacao.com\/1\/wp-json\/wp\/v2\/media\/99321"}],"wp:attachment":[{"href":"https:\/\/www.caririemacao.com\/1\/wp-json\/wp\/v2\/media?parent=133723"}],"wp:term":[{"taxonomy":"category","embeddable":true,"href":"https:\/\/www.caririemacao.com\/1\/wp-json\/wp\/v2\/categories?post=133723"},{"taxonomy":"post_tag","embeddable":true,"href":"https:\/\/www.caririemacao.com\/1\/wp-json\/wp\/v2\/tags?post=133723"}],"curies":[{"name":"wp","href":"https:\/\/api.w.org\/{rel}","templated":true}]}}