{"id":133728,"date":"2019-11-08T15:41:51","date_gmt":"2019-11-08T18:41:51","guid":{"rendered":"http:\/\/www.caririemacao.com\/1\/?p=133728"},"modified":"2019-11-08T15:41:51","modified_gmt":"2019-11-08T18:41:51","slug":"lula-solto-deve-ter-reforco-de-seguranca-ato-simbolico-e-estrategia-sobre-bolsonaro","status":"publish","type":"post","link":"https:\/\/www.caririemacao.com\/1\/2019\/11\/08\/lula-solto-deve-ter-reforco-de-seguranca-ato-simbolico-e-estrategia-sobre-bolsonaro\/","title":{"rendered":"Lula solto deve ter refor\u00e7o de seguran\u00e7a, ato simb\u00f3lico e estrat\u00e9gia sobre Bolsonaro"},"content":{"rendered":"\n<p>O PT est\u00e1 preocupado com a possibilidade de um ataque ao ex-presidente Luiz In\u00e1cio Lula da Silva, ap\u00f3s sua prov\u00e1vel soltura nos pr\u00f3ximos dias, e est\u00e1 providenciando um refor\u00e7o em sua seguran\u00e7a t\u00e3o logo deixe a sede da Pol\u00edcia Federal no Paran\u00e1, em Curitiba.<br><\/p>\n\n\n\n<p>&#8220;\u00c9 evidente que vamos tomar muito cuidado. H\u00e1 muita conversa entre n\u00f3s sobre a necessidade de refor\u00e7o da seguran\u00e7a pessoal dele [Lula], sobretudo nesse momento que algumas rea\u00e7\u00f5es s\u00e3o muito doidas. Temos uma preocupa\u00e7\u00e3o com essa quest\u00e3o&#8221;, disse Gilberto Carvalho, que foi chefe de gabinete de Lula na Presid\u00eancia e \u00e9 um dos dirigentes petistas mais pr\u00f3ximos a ele.<\/p>\n\n\n\n<p>Nesta sexta-feira, ap\u00f3s reuni\u00e3o com Lula na PF, o advogado Cristiano Zanin anunciou que j\u00e1 deu entrada na Justi\u00e7a Federal com um pedido de soltura imediata do l\u00edder petista. A iniciativa da defesa do ex-presidente ocorre ap\u00f3s a decis\u00e3o do Supremo Tribunal Federal desta quinta-feira (7).<\/p>\n\n\n\n<p>O plen\u00e1rio decidiu, com placar apertado de 6 votos a 5, que um condenado s\u00f3 pode ser preso ap\u00f3s o tr\u00e2nsito em julgado (o fim dos recursos), alterando a jurisprud\u00eancia, que desde 2016 tem permitido a pris\u00e3o logo ap\u00f3s a condena\u00e7\u00e3o em segunda inst\u00e2ncia.<\/p>\n\n\n\n<p>O PT j\u00e1 tem um roteiro para os primeiros dias de Lula em liberdade. Se confirmada sua sa\u00edda da pris\u00e3o, ele far\u00e1 um breve discurso a seus apoiadores que mantiveram vig\u00edlia em frente \u00e0 PF desde a pris\u00e3o, em abril do ano passado.<\/p>\n\n\n\n<p>A visita aos petistas Del\u00fabio Soares e Jo\u00e3o Vaccari na sede da CUT paranaense, onde trabalham, \u00e9 improv\u00e1vel, por quest\u00f5es log\u00edsticas. Lula ent\u00e3o viajaria a S\u00e3o Bernardo do Campo (SP), provavelmente em avi\u00e3o fretado pelo PT.<\/p>\n\n\n\n<p>A ideia \u00e9 dar duas noites de sossego para ele, at\u00e9 a realiza\u00e7\u00e3o de um ato neste domingo (10), em frente ao Sindicato dos Metal\u00fargicos do ABC. Seria um evento cheio de simbolismo, uma vez que foi l\u00e1 que ele falou pela \u00faltima vez aos apoiadores antes de ser preso.<\/p>\n\n\n\n<p>A atua\u00e7\u00e3o do ex-presidente nos pr\u00f3ximos meses tamb\u00e9m est\u00e1 em estudo. H\u00e1 o planejamento de que Lula fa\u00e7a uma caravana pelo Nordeste, mas isso deve ficar para o ano que vem.<\/p>\n\n\n\n<p>Neste ano, o ex-presidente deve fazer alguma visita pontual a uma ou mais capitais nordestinas, al\u00e9m de participar do congresso do PT, que ocorrer\u00e1 em S\u00e3o Paulo, de 22 a 24 de novembro.<\/p>\n\n\n\n<p>De acordo com Gilberto Carvalho, Lula evitar\u00e1 responder a provoca\u00e7\u00f5es do presidente Jair Bolsonaro e de seu entorno. &#8220;Nesse jogo ele n\u00e3o vai cair. N\u00e3o vai facilitar a vida do Bolsonaro e fornecer elementos para o presidente fortalecer a sua base&#8221;, declarou o ex-chefe de gabinete da Presid\u00eancia (2003-2010).<\/p>\n\n\n\n<p>O tom de suas falas, segundo o dirigente petista, ser\u00e1 sobre a necessidade de unir o pa\u00eds, e n\u00e3o de vingan\u00e7a. Uma exce\u00e7\u00e3o ser\u00e1 a cr\u00edtica \u00e0 Lava Jato, especialmente ao ministro da Justi\u00e7a, Sergio Moro, ex-juiz federal que o condenou \u00e0 pris\u00e3o no caso do tr\u00edplex de Guaruj\u00e1. &#8220;Ele n\u00e3o vai deixar de xingar o Moro, mas de maneira geral, n\u00e3o tem essa coisa de vingan\u00e7a, do \u00f3dio&#8221;, declarou.<\/p>\n\n\n\n<p>A principal preocupa\u00e7\u00e3o do ex-presidente, segundo seu ex-chefe de gabinete, ser\u00e1 de ter um discurso marcadamente de esquerda em alguns temas.<\/p>\n\n\n\n<p>&#8220;Mas n\u00e3o \u00e9 mais \u00e0 esquerda no sentido de ser leninista, ou trotskista. \u00c9 na linha de defender a inclus\u00e3o dos mais pobres no Or\u00e7amento federal, e de denunciar que querem vender o pa\u00eds. S\u00e3o essas duas bandeiras que ele vai abra\u00e7ar mais&#8221;, disse.<\/p>\n\n\n\n<p>A pena no processo do tr\u00edplex foi reduzida no STJ (Superior Tribunal de Justi\u00e7a) para 8 anos e 10 meses e 20 dias de pris\u00e3o. O caso ainda tem recursos finais pendentes nessa inst\u00e2ncia antes de ser remetido para o STF.&nbsp;<\/p>\n\n\n\n<p>O Supremo, por\u00e9m, pode anular todo o processo sob argumento de que o juiz respons\u00e1vel pela condena\u00e7\u00e3o, Sergio Moro, n\u00e3o tinha a imparcialidade necess\u00e1ria para julgar o petista naquela situa\u00e7\u00e3o. Mas ainda n\u00e3o h\u00e1 data marcada para que esse pedido seja analisado.<\/p>\n\n\n\n<p>Al\u00e9m do caso tr\u00edplex, Lula foi condenado em primeira inst\u00e2ncia a 12 anos e 11 meses de pris\u00e3o por corrup\u00e7\u00e3o e lavagem no caso do s\u00edtio de Atibaia (SP). Essa condena\u00e7\u00e3o tamb\u00e9m pode ser anulada porque a defesa apresentou suas considera\u00e7\u00f5es finais no processo no mesmo prazo de r\u00e9us delatores.<\/p>\n\n\n\n<p>O ex-presidente ainda \u00e9 r\u00e9u em outros processos na Justi\u00e7a Federal em S\u00e3o Paulo, Curitiba e Bras\u00edlia. Com exce\u00e7\u00e3o de um dos casos, relativo \u00e0 Odebrecht no Paran\u00e1, as demais a\u00e7\u00f5es n\u00e3o t\u00eam perspectiva de serem sentenciadas em breve.<\/p>\n","protected":false},"excerpt":{"rendered":"<p>O PT est\u00e1 preocupado com a possibilidade de um ataque ao ex-presidente Luiz In\u00e1cio Lula da Silva, ap\u00f3s sua prov\u00e1vel soltura nos pr\u00f3ximos dias, e&hellip; <\/p>\n","protected":false},"author":1,"featured_media":90634,"comment_status":"closed","ping_status":"closed","sticky":false,"template":"","format":"standard","meta":{"sfsi_plus_gutenberg_text_before_share":"","sfsi_plus_gutenberg_show_text_before_share":"","sfsi_plus_gutenberg_icon_type":"","sfsi_plus_gutenberg_icon_alignemt":"","sfsi_plus_gutenburg_max_per_row":"","footnotes":""},"categories":[11],"tags":[],"class_list":["post-133728","post","type-post","status-publish","format-standard","has-post-thumbnail","hentry","category-politica"],"_links":{"self":[{"href":"https:\/\/www.caririemacao.com\/1\/wp-json\/wp\/v2\/posts\/133728","targetHints":{"allow":["GET"]}}],"collection":[{"href":"https:\/\/www.caririemacao.com\/1\/wp-json\/wp\/v2\/posts"}],"about":[{"href":"https:\/\/www.caririemacao.com\/1\/wp-json\/wp\/v2\/types\/post"}],"author":[{"embeddable":true,"href":"https:\/\/www.caririemacao.com\/1\/wp-json\/wp\/v2\/users\/1"}],"replies":[{"embeddable":true,"href":"https:\/\/www.caririemacao.com\/1\/wp-json\/wp\/v2\/comments?post=133728"}],"version-history":[{"count":1,"href":"https:\/\/www.caririemacao.com\/1\/wp-json\/wp\/v2\/posts\/133728\/revisions"}],"predecessor-version":[{"id":133730,"href":"https:\/\/www.caririemacao.com\/1\/wp-json\/wp\/v2\/posts\/133728\/revisions\/133730"}],"wp:featuredmedia":[{"embeddable":true,"href":"https:\/\/www.caririemacao.com\/1\/wp-json\/wp\/v2\/media\/90634"}],"wp:attachment":[{"href":"https:\/\/www.caririemacao.com\/1\/wp-json\/wp\/v2\/media?parent=133728"}],"wp:term":[{"taxonomy":"category","embeddable":true,"href":"https:\/\/www.caririemacao.com\/1\/wp-json\/wp\/v2\/categories?post=133728"},{"taxonomy":"post_tag","embeddable":true,"href":"https:\/\/www.caririemacao.com\/1\/wp-json\/wp\/v2\/tags?post=133728"}],"curies":[{"name":"wp","href":"https:\/\/api.w.org\/{rel}","templated":true}]}}