{"id":133732,"date":"2019-11-08T15:47:31","date_gmt":"2019-11-08T18:47:31","guid":{"rendered":"http:\/\/www.caririemacao.com\/1\/?p=133732"},"modified":"2019-11-08T15:47:31","modified_gmt":"2019-11-08T18:47:31","slug":"urgente-juiz-comunica-pf-que-mandara-soltar-lula-ainda-hoje","status":"publish","type":"post","link":"https:\/\/www.caririemacao.com\/1\/2019\/11\/08\/urgente-juiz-comunica-pf-que-mandara-soltar-lula-ainda-hoje\/","title":{"rendered":"Urgente: juiz comunica PF que mandar\u00e1 soltar Lula ainda hoje"},"content":{"rendered":"\n<p>O ex-presidente Luiz In\u00e1cio Lula da Silva dever\u00e1 ser colocado em liberdade ainda nesta sexta-feira 8.\u00a0<\/p>\n\n\n\n<p>Segundo o jornalista Marcelo Auler, do&nbsp;<a href=\"https:\/\/catarse.me\/jornalistaspelademocracia\"><strong>Jornalistas pela Democracia<\/strong><\/a>, que est\u00e1 em Curitiba, a decis\u00e3o foi comunicada \u00e0 Pol\u00edcia Federal pelojuiz federal titular da 12\u00aa Vara de Execu\u00e7\u00f5es Penais, Danilo Pereira J\u00fanior.&nbsp;<\/p>\n\n\n\n<p>A ju\u00edza substituta Carolina Lebbos, respons\u00e1vel por parte dos casos envolvendo o petista, est\u00e1 de f\u00e9rias.<\/p>\n\n\n\n<p>Mais informa\u00e7\u00f5es em instantes.&nbsp;<\/p>\n\n\n\n<p>Leia tamb\u00e9m reportagem da Rede Brasil Atual sobre o assunto:<\/p>\n\n\n\n<p>A Vig\u00edlia Lula Livre, em Curitiba (PR), est\u00e1 pronta para receber a visita do Luiz In\u00e1cio Lula da Silva. O ex-presidente vai cumprir sua promessa de visitar os militantes que o acompanharam nesses 580 dias de pris\u00e3o pol\u00edtica. Grades est\u00e3o sendo colocadas no caminho entre a sede da Superintend\u00eancia da Pol\u00edcia Federal e a Vig\u00edlia que j\u00e1 est\u00e1 tomada por simpatizantes de Lula e muita gente est\u00e1 chegando ao local. As ruas no entorno foram fechadas para a passagem de carros.<\/p>\n\n\n\n<h3 class=\"wp-block-heading\">PF Lula Livre<\/h3>\n\n\n\n<p>Reportagem da Folha de S.Paulo relata que o tradicional \u201cbom dia presidente Lula\u201d foi entoado \u00e0s 9h por uma centena de pessoas. \u201cPerto das 10h, o advogado Cristiano Zanin chegou ao pr\u00e9dio da PF. Um manifestante perguntou, gritando, ao defensor se o pol\u00edtico \u2018sai hoje\u2019. Zanin acenou positivamente. J\u00e1 na sa\u00edda, o defensor disse que Lula est\u00e1 \u2018sereno\u2019, \u00e0 espera da decis\u00e3o.\u201d<\/p>\n\n\n\n<p>Ainda segundo a reportagem, dois policiais federais \u00e0 paisana dividiam espa\u00e7o com os militantes na Vig\u00edlia. Eles disseram trabalhar na Superintend\u00eancia onde Lula est\u00e1 preso e compraram camisetas com a estampa do ex-presidente nas barracas montadas no local. \u201cPode ser o \u00faltimo dia, aproveitei para comprar. N\u00e3o \u00e9 todo mundo que apoia o governo\u201d, justificou o escriv\u00e3o Farley Dias, 43.<\/p>\n","protected":false},"excerpt":{"rendered":"<p>O ex-presidente Luiz In\u00e1cio Lula da Silva dever\u00e1 ser colocado em liberdade ainda nesta sexta-feira 8.\u00a0 Segundo o jornalista Marcelo Auler, do&nbsp;Jornalistas pela Democracia, que&hellip; <\/p>\n","protected":false},"author":1,"featured_media":48843,"comment_status":"closed","ping_status":"closed","sticky":false,"template":"","format":"standard","meta":{"sfsi_plus_gutenberg_text_before_share":"","sfsi_plus_gutenberg_show_text_before_share":"","sfsi_plus_gutenberg_icon_type":"","sfsi_plus_gutenberg_icon_alignemt":"","sfsi_plus_gutenburg_max_per_row":"","footnotes":""},"categories":[2],"tags":[],"class_list":["post-133732","post","type-post","status-publish","format-standard","has-post-thumbnail","hentry","category-geral"],"_links":{"self":[{"href":"https:\/\/www.caririemacao.com\/1\/wp-json\/wp\/v2\/posts\/133732","targetHints":{"allow":["GET"]}}],"collection":[{"href":"https:\/\/www.caririemacao.com\/1\/wp-json\/wp\/v2\/posts"}],"about":[{"href":"https:\/\/www.caririemacao.com\/1\/wp-json\/wp\/v2\/types\/post"}],"author":[{"embeddable":true,"href":"https:\/\/www.caririemacao.com\/1\/wp-json\/wp\/v2\/users\/1"}],"replies":[{"embeddable":true,"href":"https:\/\/www.caririemacao.com\/1\/wp-json\/wp\/v2\/comments?post=133732"}],"version-history":[{"count":1,"href":"https:\/\/www.caririemacao.com\/1\/wp-json\/wp\/v2\/posts\/133732\/revisions"}],"predecessor-version":[{"id":133735,"href":"https:\/\/www.caririemacao.com\/1\/wp-json\/wp\/v2\/posts\/133732\/revisions\/133735"}],"wp:featuredmedia":[{"embeddable":true,"href":"https:\/\/www.caririemacao.com\/1\/wp-json\/wp\/v2\/media\/48843"}],"wp:attachment":[{"href":"https:\/\/www.caririemacao.com\/1\/wp-json\/wp\/v2\/media?parent=133732"}],"wp:term":[{"taxonomy":"category","embeddable":true,"href":"https:\/\/www.caririemacao.com\/1\/wp-json\/wp\/v2\/categories?post=133732"},{"taxonomy":"post_tag","embeddable":true,"href":"https:\/\/www.caririemacao.com\/1\/wp-json\/wp\/v2\/tags?post=133732"}],"curies":[{"name":"wp","href":"https:\/\/api.w.org\/{rel}","templated":true}]}}