{"id":133742,"date":"2019-11-08T18:14:32","date_gmt":"2019-11-08T21:14:32","guid":{"rendered":"http:\/\/www.caririemacao.com\/1\/?p=133742"},"modified":"2019-11-08T18:14:32","modified_gmt":"2019-11-08T21:14:32","slug":"acompanhado-de-familiares-e-aliados-lula-deixa-a-policia-federal-em-curitiba","status":"publish","type":"post","link":"https:\/\/www.caririemacao.com\/1\/2019\/11\/08\/acompanhado-de-familiares-e-aliados-lula-deixa-a-policia-federal-em-curitiba\/","title":{"rendered":"Acompanhado de familiares e aliados, Lula deixa a Pol\u00edcia Federal em Curitiba"},"content":{"rendered":"\n<p>Preso desde abril do ano passado na Superintend\u00eancia da Pol\u00edcia Federal em Curitiba (PR), o ex-presidente Luiz In\u00e1cio Lula da Silva deixou o local por volta das 17h45 desta sexta-feira (8).<\/p>\n\n\n\n<p>A sa\u00edda de Lula da pris\u00e3o ocorreu ap\u00f3s decis\u00e3o do juiz Danilo Pereira J\u00fanior, da 12\u00aa Vara Criminal Federal de Curitiba, que atendeu a pedido protocolado pela defesa do ex-presidente, com base em decis\u00e3o do Supremo Tribunal Federal (STF) que derrubou a possibilidade de execu\u00e7\u00e3o da pris\u00e3o ap\u00f3s condena\u00e7\u00e3o em segunda inst\u00e2ncia.<\/p>\n\n\n\n<p>Esperado por centenas de aliados e militantes, Lula deixou o pr\u00e9dio da Pol\u00edcia Federal acompanhado por familiares e aliados pol\u00edticos. Entre eles, os filhos, a namorada Ros\u00e2ngela Silva, o ex-senador Lindbergh Farias, a presidente do PT Gleisi Hoffmann, o ex-presidenci\u00e1vel Fernando Haddad e os advogados Wadih Damous e Cristiano Zanin.<\/p>\n\n\n\n<p>Com a decis\u00e3o da justi\u00e7a, depois de passar 580 dias preso, o ex-presidente ter\u00e1 o direito de recorrer em liberdade da condena\u00e7\u00e3o de 8 anos, 10 meses e 20 dias de pris\u00e3o, por corrup\u00e7\u00e3o e lavagem de dinheiro, no caso do triplex.<\/p>\n","protected":false},"excerpt":{"rendered":"<p>Preso desde abril do ano passado na Superintend\u00eancia da Pol\u00edcia Federal em Curitiba (PR), o ex-presidente Luiz In\u00e1cio Lula da Silva deixou o local por&hellip; <\/p>\n","protected":false},"author":1,"featured_media":47814,"comment_status":"closed","ping_status":"closed","sticky":false,"template":"","format":"standard","meta":{"sfsi_plus_gutenberg_text_before_share":"","sfsi_plus_gutenberg_show_text_before_share":"","sfsi_plus_gutenberg_icon_type":"","sfsi_plus_gutenberg_icon_alignemt":"","sfsi_plus_gutenburg_max_per_row":"","footnotes":""},"categories":[50,11],"tags":[],"class_list":["post-133742","post","type-post","status-publish","format-standard","has-post-thumbnail","hentry","category-destaque","category-politica"],"_links":{"self":[{"href":"https:\/\/www.caririemacao.com\/1\/wp-json\/wp\/v2\/posts\/133742","targetHints":{"allow":["GET"]}}],"collection":[{"href":"https:\/\/www.caririemacao.com\/1\/wp-json\/wp\/v2\/posts"}],"about":[{"href":"https:\/\/www.caririemacao.com\/1\/wp-json\/wp\/v2\/types\/post"}],"author":[{"embeddable":true,"href":"https:\/\/www.caririemacao.com\/1\/wp-json\/wp\/v2\/users\/1"}],"replies":[{"embeddable":true,"href":"https:\/\/www.caririemacao.com\/1\/wp-json\/wp\/v2\/comments?post=133742"}],"version-history":[{"count":1,"href":"https:\/\/www.caririemacao.com\/1\/wp-json\/wp\/v2\/posts\/133742\/revisions"}],"predecessor-version":[{"id":133744,"href":"https:\/\/www.caririemacao.com\/1\/wp-json\/wp\/v2\/posts\/133742\/revisions\/133744"}],"wp:featuredmedia":[{"embeddable":true,"href":"https:\/\/www.caririemacao.com\/1\/wp-json\/wp\/v2\/media\/47814"}],"wp:attachment":[{"href":"https:\/\/www.caririemacao.com\/1\/wp-json\/wp\/v2\/media?parent=133742"}],"wp:term":[{"taxonomy":"category","embeddable":true,"href":"https:\/\/www.caririemacao.com\/1\/wp-json\/wp\/v2\/categories?post=133742"},{"taxonomy":"post_tag","embeddable":true,"href":"https:\/\/www.caririemacao.com\/1\/wp-json\/wp\/v2\/tags?post=133742"}],"curies":[{"name":"wp","href":"https:\/\/api.w.org\/{rel}","templated":true}]}}